{"id":1522,"date":"2010-03-05T17:56:27","date_gmt":"2010-03-05T16:56:27","guid":{"rendered":"http:\/\/www.cdlpv.org\/dtl\/?p=1522"},"modified":"2010-03-05T17:56:27","modified_gmt":"2010-03-05T16:56:27","slug":"pel-valencia-en-la-funcio-publica","status":"publish","type":"post","link":"https:\/\/www.cdlpv.org\/dtl\/2010\/03\/05\/pel-valencia-en-la-funcio-publica\/","title":{"rendered":"Pel valenci\u00e0 en la funci\u00f3 p\u00fablica"},"content":{"rendered":"<p>El diari <em>El Pa\u00eds<\/em> (02.03.2010) inclou una nota breu d&#8217;inter\u00e9s ling\u00fc\u00edstic i parlamentari:<\/p>\n<blockquote>\n<h2>A favor del valenci\u00e0 en la funci\u00f3 p\u00fablica<\/h2>\n<p>Vicenta Crespo, portaveu del <span class=\"versaleta\">pspv<\/span> en la comissi\u00f3 de pol\u00edtica ling\u00fc\u00edstica de les Corts, ha presentat una proposici\u00f3 no de llei urgent per a instar el Consell a exigir el coneixement del valenci\u00e0 per a accedir a la funci\u00f3 p\u00fablica. L&#8217;objectiu \u00e9s \u00abgarantir el coneixement d&#8217;esta llengua en les administracions valencianes\u00bb, va precisar Crespo despr\u00e9s de reunir-se amb les plataformes i sindicats de l&#8217;ensenyament, que es congratularen per la iniciativa. \u2014<span class=\"versaleta\">n. c.<\/span>\n<\/p><\/blockquote>\n<p>Com sabem molt b\u00e9, el que cal garantir \u00e9s l&#8217;\u00fas, perqu\u00e8 les estad\u00edstiques sobre titulacions ens indiquen que el coneixement est\u00e0 assegurat \u2014tot i que el des\u00fas tamb\u00e9 perjudica la capacitaci\u00f3, \u00e9s clar.<\/p>\n<p>D&#8217;altra banda, en tot cas, resulta esperan\u00e7adora eixa proposta, at\u00e9s que podria afavorir que el sindicat <span class=\"versaleta\">ugt<\/span> es convencera de la necessitat d&#8217;aplicar eixe mateix principi en l&#8217;estatut dels funcionaris de les Corts que s&#8217;est\u00e0 negociant actualment, i podrien actuar conjuntament en eixe sentit amb els altres sindicats participants (<span class=\"versaleta\">cc oo<\/span> i <span class=\"versaleta\">stas<\/span>).<\/p>\n","protected":false},"excerpt":{"rendered":"<p>El diari El Pa\u00eds (02.03.2010) inclou una nota breu d&#8217;inter\u00e9s ling\u00fc\u00edstic i parlamentari: A favor del valenci\u00e0 en la funci\u00f3 p\u00fablica Vicenta Crespo, portaveu del pspv en la comissi\u00f3 de pol\u00edtica ling\u00fc\u00edstica de les Corts, ha presentat una proposici\u00f3 no de llei urgent per a instar el Consell a exigir el coneixement del valenci\u00e0 per [&hellip;]<\/p>\n","protected":false},"author":2,"featured_media":0,"comment_status":"open","ping_status":"open","sticky":false,"template":"","format":"standard","meta":{"footnotes":""},"categories":[10,1,15,47,19,24],"tags":[127],"class_list":["post-1522","post","type-post","status-publish","format-standard","hentry","category-formacio","category-general","category-laboral","category-planificacio","category-politica","category-requisit-linguistic","tag-corts"],"_links":{"self":[{"href":"https:\/\/www.cdlpv.org\/dtl\/wp-json\/wp\/v2\/posts\/1522","targetHints":{"allow":["GET"]}}],"collection":[{"href":"https:\/\/www.cdlpv.org\/dtl\/wp-json\/wp\/v2\/posts"}],"about":[{"href":"https:\/\/www.cdlpv.org\/dtl\/wp-json\/wp\/v2\/types\/post"}],"author":[{"embeddable":true,"href":"https:\/\/www.cdlpv.org\/dtl\/wp-json\/wp\/v2\/users\/2"}],"replies":[{"embeddable":true,"href":"https:\/\/www.cdlpv.org\/dtl\/wp-json\/wp\/v2\/comments?post=1522"}],"version-history":[{"count":0,"href":"https:\/\/www.cdlpv.org\/dtl\/wp-json\/wp\/v2\/posts\/1522\/revisions"}],"wp:attachment":[{"href":"https:\/\/www.cdlpv.org\/dtl\/wp-json\/wp\/v2\/media?parent=1522"}],"wp:term":[{"taxonomy":"category","embeddable":true,"href":"https:\/\/www.cdlpv.org\/dtl\/wp-json\/wp\/v2\/categories?post=1522"},{"taxonomy":"post_tag","embeddable":true,"href":"https:\/\/www.cdlpv.org\/dtl\/wp-json\/wp\/v2\/tags?post=1522"}],"curies":[{"name":"wp","href":"https:\/\/api.w.org\/{rel}","templated":true}]}}