{"id":1520,"date":"2010-03-04T14:42:40","date_gmt":"2010-03-04T13:42:40","guid":{"rendered":"http:\/\/www.cdlpv.org\/dtl\/?p=1520"},"modified":"2010-03-04T14:42:40","modified_gmt":"2010-03-04T13:42:40","slug":"biblioteca-tecnica-de-politica-linguistcia","status":"publish","type":"post","link":"https:\/\/www.cdlpv.org\/dtl\/2010\/03\/04\/biblioteca-tecnica-de-politica-linguistcia\/","title":{"rendered":"Biblioteca t\u00e8cnica de pol\u00edtica ling\u00fc\u00edstica"},"content":{"rendered":"<p>Marta Torres Vilatarsana ens envia la informaci\u00f3 seg\u00fcent:<\/p>\n<blockquote>\n<h2>La Secretaria de Pol\u00edtica Ling\u00fc\u00edstica posa en l\u00ednia els dos primers volums de la Biblioteca T\u00e8cnica de Pol\u00edtica Ling\u00fc\u00edstica<\/h2>\n<h3>Es tracta d\u2019una nova col\u00b7lecci\u00f3 de publicacions digitals adre\u00e7ades a les persones interessades en la llengua<\/h3>\n<p>La Secretaria de Pol\u00edtica Ling\u00fc\u00edstica ha posat en l\u00ednia una nova col\u00b7lecci\u00f3 de publicacions digitals adre\u00e7ades a l\u2019actualitzaci\u00f3 i al suport t\u00e8cnic dels professionals de la llengua catalana i a les persones interessades en la llengua en general.<\/p>\n<p>La col\u00b7lecci\u00f3 s\u2019estructura seguint sis s\u00e8ries: Criteris Ling\u00fc\u00edstics, Dades i Estudis, Did\u00e0ctica, Documents Occitans, Legislaci\u00f3 Ling\u00fc\u00edstica i Pol\u00edtiques Ling\u00fc\u00edstiques. En un futur, i tenint en compte el car\u00e0cter interdisciplinari inherent a l\u2019aplicaci\u00f3 de la pol\u00edtica ling\u00fc\u00edstica s\u2019atendran tem\u00e0tiques com el m\u00e0rqueting i la publicitat, la mediaci\u00f3 i les tecnologies de la informaci\u00f3 i la comunicaci\u00f3 entre d\u2019altres.<\/p>\n<p>Des d\u2019avui es poden consultar a <em><a href=\"http:\/\/www.gencat.cat\/llengua\/BTPL\" target=\"_blank\">http:\/\/www.gencat.cat\/llengua\/BTPL<\/a>.<\/em><\/p>\n<p>Els primers volums s\u00f3n un llibre de citaci\u00f3 bibliogr\u00e0fica i l\u2019informe de resultats de les enquestes d\u2019usos ling\u00fc\u00edstics a les empreses de serveis:<\/p>\n<p><em>Citaci\u00f3 bibliogr\u00e0fica<\/em><\/p>\n<p>Amb la finalitat de facilitar la presentaci\u00f3 de la bibliografia, la Secretaria de Pol\u00edtica Ling\u00fc\u00edstica proposa un seguit de criteris que es basen, sobretot, en el llibre <em>Manual d\u2019estil: La redacci\u00f3 i l\u2019edici\u00f3 de textos,<\/em> que tamb\u00e9 estan en sintonia amb els criteris establerts pel Termcat. S\u2019hi troben orientacions precises per abordar els dubtes que es plantegen en la redacci\u00f3 de treballs, informes o altres documents.<\/p>\n<p>L&#8217;estructura, que se centra en les diverses parts de la citaci\u00f3, facilita la r\u00e0pida localitzaci\u00f3 de les solucions.<\/p>\n<p><em>Informe de resultats de les enquestes d&#8217;usos ling\u00fc\u00edstics a les empreses de serveis<\/em><\/p>\n<p>El llibre descriu la situaci\u00f3 ling\u00fc\u00edstica a les empreses de serveis de Catalunya a partir de les dades aportades per diferents enquestes dutes a terme entre els anys 2004 i 2007. Els resultats es presenten en tres grans blocs dedicats, respectivament, al context socioling\u00fc\u00edstic, als usos i a les actituds. Tamb\u00e9 inclou una an\u00e0lisi dels usos ling\u00fc\u00edstics segons les caracter\u00edstiques de les empreses i una aproximaci\u00f3 als factors que expliquen els diversos comportaments.<\/p>\n<p>El treball es tanca amb unes conclusions que destaquen la import\u00e0ncia d\u2019aspectes com la cultura corporativa a l&#8217;hora d&#8217;establir usos ling\u00fc\u00edstics en les organitzacions.<\/p>\n<p>Font: Secretaria de Pol\u00edtica Ling\u00fc\u00edstica\n<\/p><\/blockquote>\n","protected":false},"excerpt":{"rendered":"<p>Marta Torres Vilatarsana ens envia la informaci\u00f3 seg\u00fcent: La Secretaria de Pol\u00edtica Ling\u00fc\u00edstica posa en l\u00ednia els dos primers volums de la Biblioteca T\u00e8cnica de Pol\u00edtica Ling\u00fc\u00edstica Es tracta d\u2019una nova col\u00b7lecci\u00f3 de publicacions digitals adre\u00e7ades a les persones interessades en la llengua La Secretaria de Pol\u00edtica Ling\u00fc\u00edstica ha posat en l\u00ednia una nova col\u00b7lecci\u00f3 [&hellip;]<\/p>\n","protected":false},"author":2,"featured_media":0,"comment_status":"open","ping_status":"open","sticky":false,"template":"","format":"standard","meta":{"footnotes":""},"categories":[2,3,1,47,19,27],"tags":[],"class_list":["post-1520","post","type-post","status-publish","format-standard","hentry","category-comunicacio","category-documentacio","category-general","category-planificacio","category-politica","category-sociolinguistica"],"_links":{"self":[{"href":"https:\/\/www.cdlpv.org\/dtl\/wp-json\/wp\/v2\/posts\/1520","targetHints":{"allow":["GET"]}}],"collection":[{"href":"https:\/\/www.cdlpv.org\/dtl\/wp-json\/wp\/v2\/posts"}],"about":[{"href":"https:\/\/www.cdlpv.org\/dtl\/wp-json\/wp\/v2\/types\/post"}],"author":[{"embeddable":true,"href":"https:\/\/www.cdlpv.org\/dtl\/wp-json\/wp\/v2\/users\/2"}],"replies":[{"embeddable":true,"href":"https:\/\/www.cdlpv.org\/dtl\/wp-json\/wp\/v2\/comments?post=1520"}],"version-history":[{"count":0,"href":"https:\/\/www.cdlpv.org\/dtl\/wp-json\/wp\/v2\/posts\/1520\/revisions"}],"wp:attachment":[{"href":"https:\/\/www.cdlpv.org\/dtl\/wp-json\/wp\/v2\/media?parent=1520"}],"wp:term":[{"taxonomy":"category","embeddable":true,"href":"https:\/\/www.cdlpv.org\/dtl\/wp-json\/wp\/v2\/categories?post=1520"},{"taxonomy":"post_tag","embeddable":true,"href":"https:\/\/www.cdlpv.org\/dtl\/wp-json\/wp\/v2\/tags?post=1520"}],"curies":[{"name":"wp","href":"https:\/\/api.w.org\/{rel}","templated":true}]}}