{"id":1516,"date":"2010-03-02T17:01:10","date_gmt":"2010-03-02T16:01:10","guid":{"rendered":"http:\/\/www.cdlpv.org\/dtl\/?p=1516"},"modified":"2010-03-02T17:01:10","modified_gmt":"2010-03-02T16:01:10","slug":"la-multa-de-rajoy-per-retolar-nomes-en-castella","status":"publish","type":"post","link":"https:\/\/www.cdlpv.org\/dtl\/2010\/03\/02\/la-multa-de-rajoy-per-retolar-nomes-en-castella\/","title":{"rendered":"La multa de Rajoy per retolar nom\u00e9s en castell\u00e0"},"content":{"rendered":"<p>L&#8217;any 2008, Mariano Rajoy va fer servir el cas de la multa per la <a href=\"http:\/\/www.cdlpv.org\/dtl\/?p=332\" target=\"_blank\">retolaci\u00f3<\/a> d&#8217;un negoci a Catalunya per a carregar contra la gesti\u00f3 ling\u00fc\u00edstica de la Generalitat catalana. La just\u00edcia ha concl\u00f2s (per ara) que la multa imposada era correcta i que, tal com defenia el mateix ciutad\u00e0 afectat, Nevot, no hi ha persecuci\u00f3 ling\u00fc\u00edstica, contr\u00e0riament al que pretenia el l\u00edder del <span class=\"versaleta\">pp<\/span> espanyol (<em>Avui<\/em>, <a href=\"http:\/\/www.avui.cat\/cat\/notices\/2010\/03\/la_jutge_esgrimeix_la_constitucio_per_avalar_les_multes_linguistiques_de_la_generalitat_89879.php\" target=\"_blank\">02.03.2010<\/a>):<\/p>\n<blockquote>\n<h2>La jutge esgrimeix la Constituci\u00f3 per avalar les multes ling\u00fc\u00edstiques de la Generalitat<\/h2>\n<h3>El tribunal desestima el recurs de l&#8217;API de Vilanova defensat p\u00fablicament per Rajoy. Carrega contra la seva falta d&#8217;arguments. La sent\u00e8ncia, redactada i feta p\u00fablica en castell\u00e0, argumenta que la llei de Pol\u00edtica Ling\u00fc\u00edstica garanteix el dret a la igualtat<\/h3>\n<\/blockquote>\n","protected":false},"excerpt":{"rendered":"<p>L&#8217;any 2008, Mariano Rajoy va fer servir el cas de la multa per la retolaci\u00f3 d&#8217;un negoci a Catalunya per a carregar contra la gesti\u00f3 ling\u00fc\u00edstica de la Generalitat catalana. La just\u00edcia ha concl\u00f2s (per ara) que la multa imposada era correcta i que, tal com defenia el mateix ciutad\u00e0 afectat, Nevot, no hi ha [&hellip;]<\/p>\n","protected":false},"author":2,"featured_media":0,"comment_status":"open","ping_status":"open","sticky":false,"template":"","format":"standard","meta":{"footnotes":""},"categories":[36,7,1,25],"tags":[401],"class_list":["post-1516","post","type-post","status-publish","format-standard","hentry","category-allofobia","category-empreses","category-general","category-retolacio","tag-rajoy"],"_links":{"self":[{"href":"https:\/\/www.cdlpv.org\/dtl\/wp-json\/wp\/v2\/posts\/1516","targetHints":{"allow":["GET"]}}],"collection":[{"href":"https:\/\/www.cdlpv.org\/dtl\/wp-json\/wp\/v2\/posts"}],"about":[{"href":"https:\/\/www.cdlpv.org\/dtl\/wp-json\/wp\/v2\/types\/post"}],"author":[{"embeddable":true,"href":"https:\/\/www.cdlpv.org\/dtl\/wp-json\/wp\/v2\/users\/2"}],"replies":[{"embeddable":true,"href":"https:\/\/www.cdlpv.org\/dtl\/wp-json\/wp\/v2\/comments?post=1516"}],"version-history":[{"count":0,"href":"https:\/\/www.cdlpv.org\/dtl\/wp-json\/wp\/v2\/posts\/1516\/revisions"}],"wp:attachment":[{"href":"https:\/\/www.cdlpv.org\/dtl\/wp-json\/wp\/v2\/media?parent=1516"}],"wp:term":[{"taxonomy":"category","embeddable":true,"href":"https:\/\/www.cdlpv.org\/dtl\/wp-json\/wp\/v2\/categories?post=1516"},{"taxonomy":"post_tag","embeddable":true,"href":"https:\/\/www.cdlpv.org\/dtl\/wp-json\/wp\/v2\/tags?post=1516"}],"curies":[{"name":"wp","href":"https:\/\/api.w.org\/{rel}","templated":true}]}}