{"id":1511,"date":"2010-02-27T21:08:13","date_gmt":"2010-02-27T20:08:13","guid":{"rendered":"http:\/\/www.cdlpv.org\/dtl\/?p=1511"},"modified":"2010-02-27T21:08:13","modified_gmt":"2010-02-27T20:08:13","slug":"la-demanda-linguistica","status":"publish","type":"post","link":"https:\/\/www.cdlpv.org\/dtl\/2010\/02\/27\/la-demanda-linguistica\/","title":{"rendered":"La demanda ling\u00fc\u00edstica"},"content":{"rendered":"<p>El passat 12 de febrer d&#8217;enguany el diari <em>El Pa\u00eds<\/em> treia un titular d&#8217;eixos que cada dos per tres ens fan caure de tos perqu\u00e8 ens tornen a descobrir la sopa d&#8217;all:<\/p>\n<blockquote>\n<h2>L&#8217;oferta genera demanda<\/em><\/p>\n<h3>La petici\u00f3 de classes universit\u00e0ries en valenci\u00e0 despega en Castell\u00f3, puja en Val\u00e8ncia i Alacant, i cau en Elx, que no impartix ni un cr\u00e8dit en la llengua<\/h3>\n<\/blockquote>\n<p>Podeu trobar la not\u00edcia completa <a href=\"http:\/\/www.ua.es\/dossierprensa\/2010\/02\/12\/1.html\">ac\u00ed<\/a>; el quadre comparatiu de dades \u00e9s el seg\u00fcent:<\/p>\n<div alig=\"center\"><img decoding=\"async\" src=\"http:\/\/www.cdlpv.org\/dtl\/wp-content\/uploads\/2010\/02\/demandaval1.png\"><\/div>\n","protected":false},"excerpt":{"rendered":"<p>El passat 12 de febrer d&#8217;enguany el diari El Pa\u00eds treia un titular d&#8217;eixos que cada dos per tres ens fan caure de tos perqu\u00e8 ens tornen a descobrir la sopa d&#8217;all: L&#8217;oferta genera demanda La petici\u00f3 de classes universit\u00e0ries en valenci\u00e0 despega en Castell\u00f3, puja en Val\u00e8ncia i Alacant, i cau en Elx, que [&hellip;]<\/p>\n","protected":false},"author":2,"featured_media":0,"comment_status":"open","ping_status":"open","sticky":false,"template":"","format":"standard","meta":{"footnotes":""},"categories":[2,3,45,10,1,47],"tags":[500],"class_list":["post-1511","post","type-post","status-publish","format-standard","hentry","category-comunicacio","category-documentacio","category-ensenyament","category-formacio","category-general","category-planificacio","tag-universitats"],"_links":{"self":[{"href":"https:\/\/www.cdlpv.org\/dtl\/wp-json\/wp\/v2\/posts\/1511","targetHints":{"allow":["GET"]}}],"collection":[{"href":"https:\/\/www.cdlpv.org\/dtl\/wp-json\/wp\/v2\/posts"}],"about":[{"href":"https:\/\/www.cdlpv.org\/dtl\/wp-json\/wp\/v2\/types\/post"}],"author":[{"embeddable":true,"href":"https:\/\/www.cdlpv.org\/dtl\/wp-json\/wp\/v2\/users\/2"}],"replies":[{"embeddable":true,"href":"https:\/\/www.cdlpv.org\/dtl\/wp-json\/wp\/v2\/comments?post=1511"}],"version-history":[{"count":0,"href":"https:\/\/www.cdlpv.org\/dtl\/wp-json\/wp\/v2\/posts\/1511\/revisions"}],"wp:attachment":[{"href":"https:\/\/www.cdlpv.org\/dtl\/wp-json\/wp\/v2\/media?parent=1511"}],"wp:term":[{"taxonomy":"category","embeddable":true,"href":"https:\/\/www.cdlpv.org\/dtl\/wp-json\/wp\/v2\/categories?post=1511"},{"taxonomy":"post_tag","embeddable":true,"href":"https:\/\/www.cdlpv.org\/dtl\/wp-json\/wp\/v2\/tags?post=1511"}],"curies":[{"name":"wp","href":"https:\/\/api.w.org\/{rel}","templated":true}]}}