{"id":1497,"date":"2010-02-19T14:42:07","date_gmt":"2010-02-19T13:42:07","guid":{"rendered":"http:\/\/www.cdlpv.org\/dtl\/?p=1497"},"modified":"2010-02-19T14:42:07","modified_gmt":"2010-02-19T13:42:07","slug":"els-serveis-linguistics-municipals","status":"publish","type":"post","link":"https:\/\/www.cdlpv.org\/dtl\/2010\/02\/19\/els-serveis-linguistics-municipals\/","title":{"rendered":"Els serveis ling\u00fc\u00edstics municipals"},"content":{"rendered":"<p>No \u00e9s estrany sentir parlar repetidament i repetitivament de l&#8217;increment de serveis ling\u00fc\u00edstics en les administracions locals. Fa poc que Font de Mora es comprometia a aix\u00f2 durant l&#8217;acte de presentaci\u00f3 d&#8217;un <a href=\"http:\/\/www.cdlpv.org\/dtl\/?p=1362\" target=\"_blank\">protocol<\/a> en qu\u00e8 participaven la Generalitat, l&#8217;<span class=\"versaleta\">avl<\/span> i algunes entitats locals.<\/p>\n<p>En canvi i al mateix temps, hi ha serveis ling\u00fc\u00edstics vacants i, per una altra banda, un cas ben concret i aclaridor, Alboraia (ajuntament de PP) ha tancat el seu servei ling\u00fc\u00edstic sense justificar com far\u00e0 a partir d&#8217;ara per a complir amb el servei que est\u00e0 obligada a donar als seus ve\u00efns. Aix\u00f2, a m\u00e9s de ser un acte que va en contra de les declaracions pol\u00edtiques dels dirigents del Partit Popular i dels membres del govern valenci\u00e0, va en contra del que indicava un <a href=\"http:\/\/www.einesdellengua.org\/Fitxes\/Textos\/T\/tmpl.htm\" target=\"_blank\">document<\/a> de la Direcci\u00f3 General de Funci\u00f3 P\u00fablica del 1999, document que ja indicava que les funcions que porten avant els serveis ling\u00fc\u00edstics municipals tenen \u00abun suport legal m\u00e9s que suficient per a considerar-les obligat\u00f2ries i que requereixen, per a dur-les a terme, un treball del grup B\u00bb.<\/p>\n<p>La documentaci\u00f3 administrativa pot ser objecte de lectures diverses. Esperem que l&#8217;<span class=\"versaleta\">avl<\/span> complixca la seua part del protocol. Pel que fa al document de la Direcci\u00f3 General de Funci\u00f3 P\u00fablica i a les actuacions pol\u00edtiques, ja hem vist que no acaben de concordar. La <span class=\"versaleta\">cdlpv<\/span> va fent per tal d&#8217;aconseguir eixa harmonia.<\/p>\n","protected":false},"excerpt":{"rendered":"<p>No \u00e9s estrany sentir parlar repetidament i repetitivament de l&#8217;increment de serveis ling\u00fc\u00edstics en les administracions locals. Fa poc que Font de Mora es comprometia a aix\u00f2 durant l&#8217;acte de presentaci\u00f3 d&#8217;un protocol en qu\u00e8 participaven la Generalitat, l&#8217;avl i algunes entitats locals. En canvi i al mateix temps, hi ha serveis ling\u00fc\u00edstics vacants i, [&hellip;]<\/p>\n","protected":false},"author":2,"featured_media":0,"comment_status":"open","ping_status":"open","sticky":false,"template":"","format":"standard","meta":{"footnotes":""},"categories":[3,4,1,15,47,19,24,26],"tags":[50],"class_list":["post-1497","post","type-post","status-publish","format-standard","hentry","category-documentacio","category-dret","category-general","category-laboral","category-planificacio","category-politica","category-requisit-linguistic","category-serveis-linguistics","tag-administracio-local"],"_links":{"self":[{"href":"https:\/\/www.cdlpv.org\/dtl\/wp-json\/wp\/v2\/posts\/1497","targetHints":{"allow":["GET"]}}],"collection":[{"href":"https:\/\/www.cdlpv.org\/dtl\/wp-json\/wp\/v2\/posts"}],"about":[{"href":"https:\/\/www.cdlpv.org\/dtl\/wp-json\/wp\/v2\/types\/post"}],"author":[{"embeddable":true,"href":"https:\/\/www.cdlpv.org\/dtl\/wp-json\/wp\/v2\/users\/2"}],"replies":[{"embeddable":true,"href":"https:\/\/www.cdlpv.org\/dtl\/wp-json\/wp\/v2\/comments?post=1497"}],"version-history":[{"count":0,"href":"https:\/\/www.cdlpv.org\/dtl\/wp-json\/wp\/v2\/posts\/1497\/revisions"}],"wp:attachment":[{"href":"https:\/\/www.cdlpv.org\/dtl\/wp-json\/wp\/v2\/media?parent=1497"}],"wp:term":[{"taxonomy":"category","embeddable":true,"href":"https:\/\/www.cdlpv.org\/dtl\/wp-json\/wp\/v2\/categories?post=1497"},{"taxonomy":"post_tag","embeddable":true,"href":"https:\/\/www.cdlpv.org\/dtl\/wp-json\/wp\/v2\/tags?post=1497"}],"curies":[{"name":"wp","href":"https:\/\/api.w.org\/{rel}","templated":true}]}}