{"id":1491,"date":"2010-02-15T14:28:30","date_gmt":"2010-02-15T13:28:30","guid":{"rendered":"http:\/\/www.cdlpv.org\/dtl\/?p=1491"},"modified":"2010-02-15T14:28:30","modified_gmt":"2010-02-15T13:28:30","slug":"els-usos-linguistics-en-les-corts","status":"publish","type":"post","link":"https:\/\/www.cdlpv.org\/dtl\/2010\/02\/15\/els-usos-linguistics-en-les-corts\/","title":{"rendered":"Els usos ling\u00fc\u00edstics en les Corts"},"content":{"rendered":"<p>El diari <em>Levante<\/em> <a href=\"http:\/\/www.levante-emv.com\/comunitat-valenciana\/2010\/02\/15\/valenciano-cae-corts\/678974.html\" target=\"_blank\">(15.02.2010)<\/a> es fa ress\u00f2 de les dades que recull una fitxa de la Coordinadora de Dinamitzaci\u00f3 Ling\u00fc\u00edstica del Pa\u00eds Valenci\u00e0 (CDLPV) relativa als usos ling\u00fc\u00edstics dels diputats en les Corts Valencianes:<\/p>\n<blockquote>\n<h2>El valenci\u00e0 cau en les Corts<\/h2>\n<p>Una an\u00e0lisi de la Plataforma <em>(sic)<\/em> per la Dinamitzaci\u00f3 Ling\u00fc\u00edstica del Pa\u00eds Valenci\u00e0 demostra que el valenci\u00e0 s&#8217;utilitza menys en el parlament auton\u00f2mic. En este mandat, nom\u00e9s 23 diputats han usat \u2014exclusivametn\u2014 la llengua d&#8217;Ausi\u00e0s March dels 107 diputats que de moment han pujat al p\u00falpit de les Corts.\n<\/p><\/blockquote>\n<p>Les dades sobre l&#8217;\u00fas ling\u00fc\u00edstic estan en la fitxa <a href=\"http:\/\/www.einesdellengua.com\/Fitxes\/Textos\/D\/diputats.htm\" target=\"_blank\">(\u00abDiputats valencians\u00bb)<\/a> corresponent del web <a href=\"http:\/\/www.einesdellengua.com\" target=\"_blank\">Eines de Llengua<\/a>, el web de la Coordinadora de Dinamitzaci\u00f3 Ling\u00fc\u00edstica del Pa\u00eds Valenci\u00e0 (CDLPV), una associaci\u00f3 de t\u00e8cnics ling\u00fc\u00edstics preocupats professionalment per la seua faena i per la pol\u00edtica ling\u00fc\u00edstica que s&#8217;aplica al Pa\u00eds Valenci\u00e0. La idea \u00e9s con\u00e9ixer la realitat de l&#8217;\u00fas i, si \u00e9s possible, que aix\u00f2 impulse l&#8217;inter\u00e9s per millorar la situaci\u00f3.<\/p>\n","protected":false},"excerpt":{"rendered":"<p>El diari Levante (15.02.2010) es fa ress\u00f2 de les dades que recull una fitxa de la Coordinadora de Dinamitzaci\u00f3 Ling\u00fc\u00edstica del Pa\u00eds Valenci\u00e0 (CDLPV) relativa als usos ling\u00fc\u00edstics dels diputats en les Corts Valencianes: El valenci\u00e0 cau en les Corts Una an\u00e0lisi de la Plataforma (sic) per la Dinamitzaci\u00f3 Ling\u00fc\u00edstica del Pa\u00eds Valenci\u00e0 demostra que [&hellip;]<\/p>\n","protected":false},"author":2,"featured_media":0,"comment_status":"open","ping_status":"open","sticky":false,"template":"","format":"standard","meta":{"footnotes":""},"categories":[3,6,1,19],"tags":[127,381],"class_list":["post-1491","post","type-post","status-publish","format-standard","hentry","category-documentacio","category-eines-de-llengua","category-general","category-politica","tag-corts","tag-premsa"],"_links":{"self":[{"href":"https:\/\/www.cdlpv.org\/dtl\/wp-json\/wp\/v2\/posts\/1491","targetHints":{"allow":["GET"]}}],"collection":[{"href":"https:\/\/www.cdlpv.org\/dtl\/wp-json\/wp\/v2\/posts"}],"about":[{"href":"https:\/\/www.cdlpv.org\/dtl\/wp-json\/wp\/v2\/types\/post"}],"author":[{"embeddable":true,"href":"https:\/\/www.cdlpv.org\/dtl\/wp-json\/wp\/v2\/users\/2"}],"replies":[{"embeddable":true,"href":"https:\/\/www.cdlpv.org\/dtl\/wp-json\/wp\/v2\/comments?post=1491"}],"version-history":[{"count":0,"href":"https:\/\/www.cdlpv.org\/dtl\/wp-json\/wp\/v2\/posts\/1491\/revisions"}],"wp:attachment":[{"href":"https:\/\/www.cdlpv.org\/dtl\/wp-json\/wp\/v2\/media?parent=1491"}],"wp:term":[{"taxonomy":"category","embeddable":true,"href":"https:\/\/www.cdlpv.org\/dtl\/wp-json\/wp\/v2\/categories?post=1491"},{"taxonomy":"post_tag","embeddable":true,"href":"https:\/\/www.cdlpv.org\/dtl\/wp-json\/wp\/v2\/tags?post=1491"}],"curies":[{"name":"wp","href":"https:\/\/api.w.org\/{rel}","templated":true}]}}