{"id":1489,"date":"2010-02-11T13:30:12","date_gmt":"2010-02-11T12:30:12","guid":{"rendered":"http:\/\/www.cdlpv.org\/dtl\/?p=1489"},"modified":"2010-02-11T13:30:12","modified_gmt":"2010-02-11T12:30:12","slug":"oferta-laboral-del-servei-de-politica-linguistica-del-govern-dandorra","status":"publish","type":"post","link":"https:\/\/www.cdlpv.org\/dtl\/2010\/02\/11\/oferta-laboral-del-servei-de-politica-linguistica-del-govern-dandorra\/","title":{"rendered":"Oferta laboral del Servei de Pol\u00edtica Ling\u00fc\u00edstica del Govern d&#8217;Andorra"},"content":{"rendered":"<p>Xavier Rull ens envia a trav\u00e9s d&#8217;Infoz\u00e8fir la informaci\u00f3 seg\u00fcent:<\/p>\n<blockquote><p>\nEl Servei de Pol\u00edtica Ling\u00fc\u00edstica del Govern d&#8217;Andorra necessita cobrir temporalment una pla\u00e7a de t\u00e8cnic ling\u00fc\u00edstic fins al 31 de desembre del 2011.<\/p>\n<p><strong>Requisit:<\/strong> llicenciatura en filologia catalana o en traducci\u00f3 i interpretaci\u00f3.<br \/>\n<strong>Tasques:<\/strong> correcci\u00f3 de textos i suport als projectes de dinamitzaci\u00f3.<\/p>\n<p>Incorporaci\u00f3 immediata<\/p>\n<p>Envieu el curr\u00edculum a: <a href=\"mailto:splcultura.gov@andorra.ad\" target=\"_blank\"><em>splcultura.gov@andorra.ad<\/em><\/a>\n<\/p><\/blockquote>\n","protected":false},"excerpt":{"rendered":"<p>Xavier Rull ens envia a trav\u00e9s d&#8217;Infoz\u00e8fir la informaci\u00f3 seg\u00fcent: El Servei de Pol\u00edtica Ling\u00fc\u00edstica del Govern d&#8217;Andorra necessita cobrir temporalment una pla\u00e7a de t\u00e8cnic ling\u00fc\u00edstic fins al 31 de desembre del 2011. Requisit: llicenciatura en filologia catalana o en traducci\u00f3 i interpretaci\u00f3. Tasques: correcci\u00f3 de textos i suport als projectes de dinamitzaci\u00f3. Incorporaci\u00f3 immediata [&hellip;]<\/p>\n","protected":false},"author":2,"featured_media":0,"comment_status":"open","ping_status":"open","sticky":false,"template":"","format":"standard","meta":{"footnotes":""},"categories":[1,15,26],"tags":[59,334],"class_list":["post-1489","post","type-post","status-publish","format-standard","hentry","category-general","category-laboral","category-serveis-linguistics","tag-andorra","tag-ofertes"],"_links":{"self":[{"href":"https:\/\/www.cdlpv.org\/dtl\/wp-json\/wp\/v2\/posts\/1489","targetHints":{"allow":["GET"]}}],"collection":[{"href":"https:\/\/www.cdlpv.org\/dtl\/wp-json\/wp\/v2\/posts"}],"about":[{"href":"https:\/\/www.cdlpv.org\/dtl\/wp-json\/wp\/v2\/types\/post"}],"author":[{"embeddable":true,"href":"https:\/\/www.cdlpv.org\/dtl\/wp-json\/wp\/v2\/users\/2"}],"replies":[{"embeddable":true,"href":"https:\/\/www.cdlpv.org\/dtl\/wp-json\/wp\/v2\/comments?post=1489"}],"version-history":[{"count":0,"href":"https:\/\/www.cdlpv.org\/dtl\/wp-json\/wp\/v2\/posts\/1489\/revisions"}],"wp:attachment":[{"href":"https:\/\/www.cdlpv.org\/dtl\/wp-json\/wp\/v2\/media?parent=1489"}],"wp:term":[{"taxonomy":"category","embeddable":true,"href":"https:\/\/www.cdlpv.org\/dtl\/wp-json\/wp\/v2\/categories?post=1489"},{"taxonomy":"post_tag","embeddable":true,"href":"https:\/\/www.cdlpv.org\/dtl\/wp-json\/wp\/v2\/tags?post=1489"}],"curies":[{"name":"wp","href":"https:\/\/api.w.org\/{rel}","templated":true}]}}