{"id":1482,"date":"2010-02-09T10:02:22","date_gmt":"2010-02-09T09:02:22","guid":{"rendered":"http:\/\/www.cdlpv.org\/dtl\/?p=1482"},"modified":"2010-02-09T10:02:22","modified_gmt":"2010-02-09T09:02:22","slug":"oferta-laboral-del-grup-flaix","status":"publish","type":"post","link":"https:\/\/www.cdlpv.org\/dtl\/2010\/02\/09\/oferta-laboral-del-grup-flaix\/","title":{"rendered":"Oferta laboral del Grup Flaix"},"content":{"rendered":"<p>Marta Torres Vilatarsana ens envia a trav\u00e9s d&#8217;Infoz\u00e8fir l&#8217;oferta laboral seg\u00fcent:<\/p>\n<blockquote><p>\nAl Grup Flaix busquen un llicenciat en Filologia Catalana per fer-se c\u00e0rrec del Departament d&#8217;Assessorament Ling\u00fc\u00edstic. Es valorar\u00e0 el certificat K o Postgrau de Correcci\u00f3 i Qualitat Ling\u00fc\u00edstica o Postgrau d&#8217;Assessorament Ling\u00fc\u00edstic en Mitjans Audiovisuals.<\/p>\n<p>Les tasques que haur\u00e0 de desenvolupar seran b\u00e0sicament les de correcci\u00f3 de textos de diferent mena (sobretot publicitaris i informatius) i el seguiment ling\u00fc\u00edstic dels diferents locutors.<\/p>\n<p>La incorporaci\u00f3 ser\u00e0 immediata.<\/p>\n<p>Els interessats, envieu un curr\u00edculum a <a href=\"mailto:jsalvanya@grupflaix.cat\" target=\"_blank\"><em>jsalvanya@grupflaix.cat<\/em><\/a>.<\/p>\n<p>Font: Jaume Salvany\u00e0\n<\/p><\/blockquote>\n","protected":false},"excerpt":{"rendered":"<p>Marta Torres Vilatarsana ens envia a trav\u00e9s d&#8217;Infoz\u00e8fir l&#8217;oferta laboral seg\u00fcent: Al Grup Flaix busquen un llicenciat en Filologia Catalana per fer-se c\u00e0rrec del Departament d&#8217;Assessorament Ling\u00fc\u00edstic. Es valorar\u00e0 el certificat K o Postgrau de Correcci\u00f3 i Qualitat Ling\u00fc\u00edstica o Postgrau d&#8217;Assessorament Ling\u00fc\u00edstic en Mitjans Audiovisuals. Les tasques que haur\u00e0 de desenvolupar seran b\u00e0sicament les [&hellip;]<\/p>\n","protected":false},"author":2,"featured_media":0,"comment_status":"open","ping_status":"open","sticky":false,"template":"","format":"standard","meta":{"footnotes":""},"categories":[2,43,1,15,26],"tags":[334],"class_list":["post-1482","post","type-post","status-publish","format-standard","hentry","category-comunicacio","category-concursos","category-general","category-laboral","category-serveis-linguistics","tag-ofertes"],"_links":{"self":[{"href":"https:\/\/www.cdlpv.org\/dtl\/wp-json\/wp\/v2\/posts\/1482","targetHints":{"allow":["GET"]}}],"collection":[{"href":"https:\/\/www.cdlpv.org\/dtl\/wp-json\/wp\/v2\/posts"}],"about":[{"href":"https:\/\/www.cdlpv.org\/dtl\/wp-json\/wp\/v2\/types\/post"}],"author":[{"embeddable":true,"href":"https:\/\/www.cdlpv.org\/dtl\/wp-json\/wp\/v2\/users\/2"}],"replies":[{"embeddable":true,"href":"https:\/\/www.cdlpv.org\/dtl\/wp-json\/wp\/v2\/comments?post=1482"}],"version-history":[{"count":0,"href":"https:\/\/www.cdlpv.org\/dtl\/wp-json\/wp\/v2\/posts\/1482\/revisions"}],"wp:attachment":[{"href":"https:\/\/www.cdlpv.org\/dtl\/wp-json\/wp\/v2\/media?parent=1482"}],"wp:term":[{"taxonomy":"category","embeddable":true,"href":"https:\/\/www.cdlpv.org\/dtl\/wp-json\/wp\/v2\/categories?post=1482"},{"taxonomy":"post_tag","embeddable":true,"href":"https:\/\/www.cdlpv.org\/dtl\/wp-json\/wp\/v2\/tags?post=1482"}],"curies":[{"name":"wp","href":"https:\/\/api.w.org\/{rel}","templated":true}]}}