{"id":148,"date":"2007-08-08T17:48:08","date_gmt":"2007-08-08T16:48:08","guid":{"rendered":"http:\/\/www.cdlpv.org\/dtl\/?p=148"},"modified":"2007-08-08T17:48:08","modified_gmt":"2007-08-08T16:48:08","slug":"ajudes-a-empreses-i-entitats-locals","status":"publish","type":"post","link":"https:\/\/www.cdlpv.org\/dtl\/2007\/08\/08\/ajudes-a-empreses-i-entitats-locals\/","title":{"rendered":"Ajudes a empreses i entitats locals"},"content":{"rendered":"<p>El <span class=\"versaleta\">cidaj<\/span>, pel que fa a la nostra depend\u00e8ncia ling\u00fc\u00edstica, ens envia la informaci\u00f3 seg\u00fcent:<\/p>\n<blockquote><p>RESOLUCI\u00d3 de 23 de juliol de 2007, de la secret\u00e0ria auton\u00f2mica d&#8217;Educaci\u00f3, per la qual es concedixen ajudes econ\u00f2miques per les empreses, comer\u00e7os i ind\u00fastries, radicades en la Comunitat Valenciana, per a la realitzaci\u00f3 d&#8217;activitats de promoci\u00f3 de l&#8217;\u00fas del valenci\u00e0 en 2007. [2007\/10000] (<span class=\"versaleta\">docv<\/span> n\u00fam. 5&nbsp;570, de 03.08.2007)<br \/>\n&#8211; <a href=\"http:\/\/www.pre.gva.es\/L\/BASIS\/BDLGVPU\/WEB\/LEV_LISTADOS_TEXTO\/DDW?W%3DSIGNATURA_N=10325+AND+SIGNATURA_A=2007%26R%3DN\" target=\"_blank\">vegeu text<\/a><\/p>\n<p>RESOLUCI\u00d3 de 26 de juliol de 2007, de la secret\u00e0ria auton\u00f2mica d&#8217;Educaci\u00f3 per la qual es concedixen ajudes econ\u00f2miques destinades a ajuntaments i mancomunitats de municipis que realitzen activitats de promoci\u00f3 de l&#8217;\u00fas del valenci\u00e0 durant l&#8217;any 2007. [2007\/10132] (<span class=\"versaleta\">docv<\/span> n\u00fam. 5&nbsp;570, de 03.08.2007)<br \/>\n&#8211; <a href=\"http:\/\/www.pre.gva.es\/L\/BASIS\/BDLGVPU\/WEB\/LEV_LISTADOS_TEXTO\/DDW?W%3DSIGNATURA_N=10327+AND+SIGNATURA_A=2007%26R%3DN\" target=\"_blank\">vegeu text<\/a>\n<\/p><\/blockquote>\n","protected":false},"excerpt":{"rendered":"<p>El cidaj, pel que fa a la nostra depend\u00e8ncia ling\u00fc\u00edstica, ens envia la informaci\u00f3 seg\u00fcent: RESOLUCI\u00d3 de 23 de juliol de 2007, de la secret\u00e0ria auton\u00f2mica d&#8217;Educaci\u00f3, per la qual es concedixen ajudes econ\u00f2miques per les empreses, comer\u00e7os i ind\u00fastries, radicades en la Comunitat Valenciana, per a la realitzaci\u00f3 d&#8217;activitats de promoci\u00f3 de l&#8217;\u00fas del [&hellip;]<\/p>\n","protected":false},"author":2,"featured_media":0,"comment_status":"open","ping_status":"open","sticky":false,"template":"","format":"standard","meta":{"footnotes":""},"categories":[1,47,19,28],"tags":[],"class_list":["post-148","post","type-post","status-publish","format-standard","hentry","category-general","category-planificacio","category-politica","category-subvencions"],"_links":{"self":[{"href":"https:\/\/www.cdlpv.org\/dtl\/wp-json\/wp\/v2\/posts\/148","targetHints":{"allow":["GET"]}}],"collection":[{"href":"https:\/\/www.cdlpv.org\/dtl\/wp-json\/wp\/v2\/posts"}],"about":[{"href":"https:\/\/www.cdlpv.org\/dtl\/wp-json\/wp\/v2\/types\/post"}],"author":[{"embeddable":true,"href":"https:\/\/www.cdlpv.org\/dtl\/wp-json\/wp\/v2\/users\/2"}],"replies":[{"embeddable":true,"href":"https:\/\/www.cdlpv.org\/dtl\/wp-json\/wp\/v2\/comments?post=148"}],"version-history":[{"count":0,"href":"https:\/\/www.cdlpv.org\/dtl\/wp-json\/wp\/v2\/posts\/148\/revisions"}],"wp:attachment":[{"href":"https:\/\/www.cdlpv.org\/dtl\/wp-json\/wp\/v2\/media?parent=148"}],"wp:term":[{"taxonomy":"category","embeddable":true,"href":"https:\/\/www.cdlpv.org\/dtl\/wp-json\/wp\/v2\/categories?post=148"},{"taxonomy":"post_tag","embeddable":true,"href":"https:\/\/www.cdlpv.org\/dtl\/wp-json\/wp\/v2\/tags?post=148"}],"curies":[{"name":"wp","href":"https:\/\/api.w.org\/{rel}","templated":true}]}}