{"id":1479,"date":"2010-02-04T12:03:37","date_gmt":"2010-02-04T11:03:37","guid":{"rendered":"http:\/\/www.cdlpv.org\/dtl\/?p=1479"},"modified":"2010-02-04T12:03:37","modified_gmt":"2010-02-04T11:03:37","slug":"denominacio-oficial-de-sant-joanet","status":"publish","type":"post","link":"https:\/\/www.cdlpv.org\/dtl\/2010\/02\/04\/denominacio-oficial-de-sant-joanet\/","title":{"rendered":"Denominaci\u00f3 oficial de Sant Joanet"},"content":{"rendered":"<p>El <span class=\"versaleta\">cidaj<\/span> ens envia la informaci\u00f3 seg\u00fcent:<\/p>\n<blockquote><p>\nDecret 26\/2010, de 29 de gener, del Consell, pel qual s&#8217;aprova el canvi de denominaci\u00f3 del municipi de Sant Joan de l&#8217;\u00c8nova per la forma exclusiva en valenci\u00e0 de Sant Joanet. [2010\/1042] (<span class=\"versaleta\"><em>docv<\/em><\/span> n\u00fam. 6.197, de 02.02.2010)<br \/>\n<a href=\"http:\/\/www.pre.gva.es\/L\/BASIS\/BDLGVPU\/WEB\/LEV_LISTADOS_TEXTO\/DDW?W%3DSIGNATURA_N=1024+AND+SIGNATURA_A=2010%26R%3DN\" target=\"_blank\">&#8211; vegeu text<\/a>\n<\/p><\/blockquote>\n","protected":false},"excerpt":{"rendered":"<p>El cidaj ens envia la informaci\u00f3 seg\u00fcent: Decret 26\/2010, de 29 de gener, del Consell, pel qual s&#8217;aprova el canvi de denominaci\u00f3 del municipi de Sant Joan de l&#8217;\u00c8nova per la forma exclusiva en valenci\u00e0 de Sant Joanet. [2010\/1042] (docv n\u00fam. 6.197, de 02.02.2010) &#8211; vegeu text<\/p>\n","protected":false},"author":2,"featured_media":0,"comment_status":"open","ping_status":"open","sticky":false,"template":"","format":"standard","meta":{"footnotes":""},"categories":[1,32],"tags":[372],"class_list":["post-1479","post","type-post","status-publish","format-standard","hentry","category-general","category-toponimia","tag-pobles"],"_links":{"self":[{"href":"https:\/\/www.cdlpv.org\/dtl\/wp-json\/wp\/v2\/posts\/1479","targetHints":{"allow":["GET"]}}],"collection":[{"href":"https:\/\/www.cdlpv.org\/dtl\/wp-json\/wp\/v2\/posts"}],"about":[{"href":"https:\/\/www.cdlpv.org\/dtl\/wp-json\/wp\/v2\/types\/post"}],"author":[{"embeddable":true,"href":"https:\/\/www.cdlpv.org\/dtl\/wp-json\/wp\/v2\/users\/2"}],"replies":[{"embeddable":true,"href":"https:\/\/www.cdlpv.org\/dtl\/wp-json\/wp\/v2\/comments?post=1479"}],"version-history":[{"count":0,"href":"https:\/\/www.cdlpv.org\/dtl\/wp-json\/wp\/v2\/posts\/1479\/revisions"}],"wp:attachment":[{"href":"https:\/\/www.cdlpv.org\/dtl\/wp-json\/wp\/v2\/media?parent=1479"}],"wp:term":[{"taxonomy":"category","embeddable":true,"href":"https:\/\/www.cdlpv.org\/dtl\/wp-json\/wp\/v2\/categories?post=1479"},{"taxonomy":"post_tag","embeddable":true,"href":"https:\/\/www.cdlpv.org\/dtl\/wp-json\/wp\/v2\/tags?post=1479"}],"curies":[{"name":"wp","href":"https:\/\/api.w.org\/{rel}","templated":true}]}}