{"id":1476,"date":"2010-02-04T10:31:10","date_gmt":"2010-02-04T09:31:10","guid":{"rendered":"http:\/\/www.cdlpv.org\/dtl\/?p=1476"},"modified":"2010-02-04T10:31:10","modified_gmt":"2010-02-04T09:31:10","slug":"flaixos-sobre-certificats-convenis-i-termes-del-termcat","status":"publish","type":"post","link":"https:\/\/www.cdlpv.org\/dtl\/2010\/02\/04\/flaixos-sobre-certificats-convenis-i-termes-del-termcat\/","title":{"rendered":"Flaixos sobre certificats, convenis i termes del Termcat"},"content":{"rendered":"<p>El Els <em>Flaixos d\u2019Actualitat<\/em> (<a href=\"http:\/\/www20.gencat.cat\/portal\/site\/Llengcat\/menuitem.08f45c9e3857090e3285bdb1b0c0e1a0\/?vgnextoid=cedaaa22b7103110VgnVCM1000008d0c1e0aRCRD&#038;vgnextchannel=cedaaa22b7103110VgnVCM1000008d0c1e0aRCRD&#038;vgnextfmt=default\" target=\"_blank\">n\u00fam. 47<\/a>, 02.02.2010) ens envien, entre altres, la informaci\u00f3 seg\u00fcent:<\/p>\n<blockquote>\n<ul>\n<li><strong>Convocat\u00f2ria de proves per a l&#8217;obtenci\u00f3 de certificats de catal\u00e0<\/strong><br \/>\nEl DOGC n\u00fam. 5558, de 2 de febrer de 2010, publica la Resoluci\u00f3 VCP\/173\/2010, de 22 de gener, de convocat\u00f2ria de les proves per a l&#8217;obtenci\u00f3 dels certificats de llengua catalana de la Secretaria de Pol\u00edtica Ling\u00fc\u00edstica.<\/p>\n<p>El per\u00edode de sol\u00b7licitud d\u2019inscripci\u00f3 \u00e9s del 8 al 22 de febrer de 2010. Trobareu tota la informaci\u00f3 relativa a terminis, dates, certificats convocats i condicions d\u2019examen a: <a href=\"http:\/\/www.gencat.cat\/llengua\/certificats\" target=\"_blank\">http:\/\/www.gencat.cat\/llengua\/certificats<\/a>\n<\/li>\n<li><strong>Conveni del Govern de les Illes Balears per ensenyar catal\u00e0 als funcionaris de l&#8217;Estat<\/strong><br \/>\nLa Resoluci\u00f3 de 15 de gener de 2010 (BOE n\u00fam. 22, de 26 de gener de 2010), de l&#8217;Institut Nacional d&#8217;Administraci\u00f3 P\u00fablica del Govern espanyol, publica el Conveni de col\u00b7laboraci\u00f3 amb la Conselleria d&#8217;Innovaci\u00f3, Interior i Just\u00edcia del Govern de les Illes Balears, per a la formaci\u00f3 en llengua catalana del personal de l&#8217;Administraci\u00f3 General de l&#8217;Estat que presta els seus serveis a la comunitat aut\u00f2noma de les Illes Balears durant l&#8217;any 2009. El conveni es pot consultar ac\u00ed en format <a href=\"http:\/\/www.boe.es\/boe\/dias\/2010\/01\/26\/pdfs\/BOE-A-2010-1238.pdf\" target=\"_blank\"><span class=\"versaleta\">[pdf]<\/span><\/a>.\n<\/li>\n<li><strong>Nous termes normalitzats<\/strong><br \/>\nEl <em>Diari Oficial de la Generalitat de Catalunya<\/em> (n\u00fam. 5.553, de 26 de gener de 2010) publica la llista de termes catalans aprovats pel Consell Supervisor del TERMCAT durant el segon quadrimestre de 2009. Els termes aprovats pertanyen als \u00e0mbits de les ci\u00e8ncies de la vida i de la salut, educaci\u00f3, electr\u00f2nica i telecomunicacions, enginyeria qu\u00edmica, esports, fusteria, gastronomia i alimentaci\u00f3, m\u00fasica, pol\u00edtica i sociologia i ramaderia.<\/p>\n<p>Podeu consultar la Resoluci\u00f3 a: <a href=\"http:\/\/www.gencat.cat\/diari\/5553\/10012118.htm\" target=\"_blank\">http:\/\/www.gencat.cat\/diari\/5553\/10012118.htm<\/a>\n<\/li>\n<\/ul>\n<\/blockquote>\n<p>Els termes aprovats pel Termcat s\u00f3n els seg\u00fcents:<\/p>\n<blockquote><p>\n\u00e0cid xalm\u00fagric, aliment de gran quilometratge, aliment modificat gen\u00e8ticament, aliment transg\u00e8nic, alliberament assistit, autoclavable, autoclavar, autoclavatge, bastidor, complex d&#8217;Adonis, cultiu, di\u00e0leg a tres, encimbellament, flexiseguretat, fluctuaci\u00f3 del senyal, gammapatia, guetitzaci\u00f3, guetitzar, malaltia \u00f2rfena, medicament orfe, miratge, m\u00fasica d&#8217;espera, oli de xalmugra, organisme modificat gen\u00e8ticament, organisme transgenic, ortor\u00e8xia, ovoscopi, pas, planxa de vela r\u00e0pida, prote\u00efna de fluoresc\u00e8ncia verda, prote\u00efna de membrana, prote\u00efna transmembrana, quasiesp\u00e8cie, quilometratge alimentari, senyal, s\u00edndrome del declivi, so de l\u00ednia lliure, so de l\u00ednia ocupada, so de trucada entrant, so de trucada sortint, subcultiu, surf de vela r\u00e0pid, tauler aglomerat, tauler d&#8217;encenalls, tauler d&#8217;encenalls no orientats, tauler d&#8217;encenalls orientats, <em>temple-block<\/em> [en], vela de patins, vela de rodes, veler de patins, veler de rodes, webquesta, xalmugra, xili, xili de Jalapa\n<\/p><\/blockquote>\n","protected":false},"excerpt":{"rendered":"<p>El Els Flaixos d\u2019Actualitat (n\u00fam. 47, 02.02.2010) ens envien, entre altres, la informaci\u00f3 seg\u00fcent: Convocat\u00f2ria de proves per a l&#8217;obtenci\u00f3 de certificats de catal\u00e0 El DOGC n\u00fam. 5558, de 2 de febrer de 2010, publica la Resoluci\u00f3 VCP\/173\/2010, de 22 de gener, de convocat\u00f2ria de les proves per a l&#8217;obtenci\u00f3 dels certificats de llengua catalana [&hellip;]<\/p>\n","protected":false},"author":2,"featured_media":0,"comment_status":"open","ping_status":"open","sticky":false,"template":"","format":"standard","meta":{"footnotes":""},"categories":[3,4,10,1,15,16,17,24,30],"tags":[120,135,206,240,467,468],"class_list":["post-1476","post","type-post","status-publish","format-standard","hentry","category-documentacio","category-dret","category-formacio","category-general","category-laboral","category-lexicografia","category-normativa","category-requisit-linguistic","category-terminologia","tag-convenis","tag-cursos","tag-flaixos-dactualitat","tag-illes-balears","tag-termcat","tag-termes"],"_links":{"self":[{"href":"https:\/\/www.cdlpv.org\/dtl\/wp-json\/wp\/v2\/posts\/1476","targetHints":{"allow":["GET"]}}],"collection":[{"href":"https:\/\/www.cdlpv.org\/dtl\/wp-json\/wp\/v2\/posts"}],"about":[{"href":"https:\/\/www.cdlpv.org\/dtl\/wp-json\/wp\/v2\/types\/post"}],"author":[{"embeddable":true,"href":"https:\/\/www.cdlpv.org\/dtl\/wp-json\/wp\/v2\/users\/2"}],"replies":[{"embeddable":true,"href":"https:\/\/www.cdlpv.org\/dtl\/wp-json\/wp\/v2\/comments?post=1476"}],"version-history":[{"count":0,"href":"https:\/\/www.cdlpv.org\/dtl\/wp-json\/wp\/v2\/posts\/1476\/revisions"}],"wp:attachment":[{"href":"https:\/\/www.cdlpv.org\/dtl\/wp-json\/wp\/v2\/media?parent=1476"}],"wp:term":[{"taxonomy":"category","embeddable":true,"href":"https:\/\/www.cdlpv.org\/dtl\/wp-json\/wp\/v2\/categories?post=1476"},{"taxonomy":"post_tag","embeddable":true,"href":"https:\/\/www.cdlpv.org\/dtl\/wp-json\/wp\/v2\/tags?post=1476"}],"curies":[{"name":"wp","href":"https:\/\/api.w.org\/{rel}","templated":true}]}}