{"id":1473,"date":"2010-02-04T10:00:43","date_gmt":"2010-02-04T09:00:43","guid":{"rendered":"http:\/\/www.cdlpv.org\/dtl\/?p=1473"},"modified":"2010-02-04T10:00:43","modified_gmt":"2010-02-04T09:00:43","slug":"el-tribunal-suprem-espanyol-torna-a-condemnar-la-generalitat-valenciana","status":"publish","type":"post","link":"https:\/\/www.cdlpv.org\/dtl\/2010\/02\/04\/el-tribunal-suprem-espanyol-torna-a-condemnar-la-generalitat-valenciana\/","title":{"rendered":"El Tribunal Suprem espanyol torna a condemnar la Generalitat valenciana"},"content":{"rendered":"<p>Els tribunals continuen emetent sent\u00e8ncies que la Generalitat valenciana incomplix sistem\u00e0ticament. En este cas, podem llegir en El Punt <a href=\"http:\/\/www.elpunt.cat\/noticia\/article\/3-politica\/17-politica\/131614-tercera-sentencia-del-suprem-contra-el-veto-a-filologia-catalana-al-pais-valencia.html\" target=\"_blank\">(01.02.2010)<\/a>:<\/p>\n<blockquote>\n<h2>Tercera sent\u00e8ncia del Suprem contra el veto a Filologia Catalana al Pa\u00eds Valenci\u00e0<\/h2>\n<h3>01\/02\/10 &#8211; Val\u00e8ncia<\/h3>\n<p>El Tribunal Suprem ha tornat a emetre una nova sent\u00e8ncia en qu\u00e8 desestima el recurs de cassaci\u00f3 interposat per la Conselleria d&#8217;Educaci\u00f3, aquesta vegada contra la sent\u00e8ncia de 2006 del Tribunal Superior de Just\u00edcia valenci\u00e0, guanyada pel Sindicat de Treballadors de l&#8217;Ensenyament (STEPV), sobre la validesa de la titulaci\u00f3 de Filologia Catalana en les convocat\u00f2ries d&#8217;oposicions de 2006 per a l&#8217;exempci\u00f3 de la prova de coneixements de valenci\u00e0.<\/p>\n<p>Aquesta \u00e9s la tercera vegada que l&#8217;alt tribunal es pronuncia contra el veto a Filologia Catalana per part del Consell. [&#8230;]\n<\/p><\/blockquote>\n<p>En canvi, en el diari El Pa\u00eds <a href=\"http:\/\/www.elpais.com\/articulo\/Comunidad\/Valenciana\/condenas\/Supremo\/Generalitat\/catalan\/elpepiespval\/20100202elpval_9\/Tes\" target=\"_blank\">(02.02.2010)<\/a> porten uns altres comptes:<\/p>\n<blockquote>\n<h2>Quatre condemnes del Suprem a la Generalitat pel catal\u00e0<\/h2>\n<h3>Neus Caballer &#8211; Val\u00e8ncia &#8211; 02\/02\/2010<\/h3>\n<p>El Tribunal Suprem ha tornat a fallar en contra del recurs de cassaci\u00f3 interposat per la Generalitat valenciana contra la sent\u00e8ncia del 28 d&#8217;abril de 2006 del Tribunal Superior de Just\u00edcia guanyada per l&#8217;<span class=\"versaleta\"><em>stepv<\/em><\/span>, que la condemnava per no incloure la titulaci\u00f3 de filologia catalana en la convocat\u00f2ria de les oposicions per a accedir al cos docent de 2004. Amb aquesta decisi\u00f3 a favor del STEPV, el Suprem acumula tres condemnes contra l&#8217;exclusi\u00f3 del t\u00edtol de filologia catalana de les convocat\u00f2ries d&#8217;oposicions del Consell de Francisco Camps i el seu conseller d&#8217;Educaci\u00f3, Alejandro Font de Mora, que no inclouen l&#8217;\u00fanic t\u00edtol oficial de l&#8217;estat. A m\u00e9s, en va perdre altra contra la Universitat de Val\u00e8ncia per la denominaci\u00f3 de la llengua catalana en els seus estatuts.\n<\/p><\/blockquote>\n","protected":false},"excerpt":{"rendered":"<p>Els tribunals continuen emetent sent\u00e8ncies que la Generalitat valenciana incomplix sistem\u00e0ticament. En este cas, podem llegir en El Punt (01.02.2010): Tercera sent\u00e8ncia del Suprem contra el veto a Filologia Catalana al Pa\u00eds Valenci\u00e0 01\/02\/10 &#8211; Val\u00e8ncia El Tribunal Suprem ha tornat a emetre una nova sent\u00e8ncia en qu\u00e8 desestima el recurs de cassaci\u00f3 interposat per [&hellip;]<\/p>\n","protected":false},"author":2,"featured_media":0,"comment_status":"open","ping_status":"open","sticky":false,"template":"","format":"standard","meta":{"footnotes":""},"categories":[36,4,1,14],"tags":[435,484],"class_list":["post-1473","post","type-post","status-publish","format-standard","hentry","category-allofobia","category-dret","category-general","category-jurisprudencia","tag-sentencies","tag-ts"],"_links":{"self":[{"href":"https:\/\/www.cdlpv.org\/dtl\/wp-json\/wp\/v2\/posts\/1473","targetHints":{"allow":["GET"]}}],"collection":[{"href":"https:\/\/www.cdlpv.org\/dtl\/wp-json\/wp\/v2\/posts"}],"about":[{"href":"https:\/\/www.cdlpv.org\/dtl\/wp-json\/wp\/v2\/types\/post"}],"author":[{"embeddable":true,"href":"https:\/\/www.cdlpv.org\/dtl\/wp-json\/wp\/v2\/users\/2"}],"replies":[{"embeddable":true,"href":"https:\/\/www.cdlpv.org\/dtl\/wp-json\/wp\/v2\/comments?post=1473"}],"version-history":[{"count":0,"href":"https:\/\/www.cdlpv.org\/dtl\/wp-json\/wp\/v2\/posts\/1473\/revisions"}],"wp:attachment":[{"href":"https:\/\/www.cdlpv.org\/dtl\/wp-json\/wp\/v2\/media?parent=1473"}],"wp:term":[{"taxonomy":"category","embeddable":true,"href":"https:\/\/www.cdlpv.org\/dtl\/wp-json\/wp\/v2\/categories?post=1473"},{"taxonomy":"post_tag","embeddable":true,"href":"https:\/\/www.cdlpv.org\/dtl\/wp-json\/wp\/v2\/tags?post=1473"}],"curies":[{"name":"wp","href":"https:\/\/api.w.org\/{rel}","templated":true}]}}