{"id":1462,"date":"2010-02-01T11:38:36","date_gmt":"2010-02-01T10:38:36","guid":{"rendered":"http:\/\/www.cdlpv.org\/dtl\/?p=1462"},"modified":"2010-02-01T11:38:36","modified_gmt":"2010-02-01T10:38:36","slug":"la-llengua-en-el-cinema","status":"publish","type":"post","link":"https:\/\/www.cdlpv.org\/dtl\/2010\/02\/01\/la-llengua-en-el-cinema\/","title":{"rendered":"La llengua en el cinema"},"content":{"rendered":"<p>Bernat Salv\u00e0 publica en el diari Avui <a href=\"http:\/\/www.avui.cat\/cat\/notices\/2010\/02\/l_8217_excusa_del_catala_86350.php\" target=\"_blank\">(0102.2010)<\/a> un article amb dades (d&#8217;un estudi del catedr\u00e0tic d\u2019Economia Financera i Comptabilitat Oriol Amat) ben interessants per a valorar l&#8217;\u00fas de la llengua en el cinema:<\/p>\n<blockquote>\n<h2>L\u2019excusa del catal\u00e0<\/h2>\n<h3>Un estudi encarregat a la Pompeu Fabra per la mateixa entitat que convoca el tancament de cines revela que la llei del cinema fins i tot pot fer pujar els ingressos<\/h3>\n<\/blockquote>\n<p><center><a title=\"Avui, 01.02.2010\" href=\"http:\/\/www.avui.cat\/cat\/notices\/2010\/02\/l_8217_excusa_del_catala_86350.php\" target=\"_blank\"><img decoding=\"async\" style=\"float:center; margin:10px 0px 10px 0px;cursor:pointer; cursor:hand;\" border=\"0\" src=\"http:\/\/www.cdlpv.org\/dtl\/wp-content\/uploads\/2010\/02\/cinemacat1002011.jpg\" border=\"0\" alt=\"Avui, 01.02.2010\"><\/a><\/center><\/p>\n<p>Tot i que el gr\u00e0fic \u00e9s molt eloq\u00fcent, podeu completar la informaci\u00f3 amb l&#8217;<a href=\"http:\/\/www.plataforma-llengua.cat\/estudis_i_publicacions\/interior\/59\" target=\"_blank\">estudi<\/a> que ha fet la Plataforma per la Llengua: <a href=\"http:\/\/www.cdlpv.org\/dtl\/wp-content\/uploads\/2010\/02\/2009-PPL-legislaci\u00f3-cinema1.pdf\" target=\"_blank\"><span class=\"versaleta\">[pdf]<\/span><\/a>.<\/p>\n","protected":false},"excerpt":{"rendered":"<p>Bernat Salv\u00e0 publica en el diari Avui (0102.2010) un article amb dades (d&#8217;un estudi del catedr\u00e0tic d\u2019Economia Financera i Comptabilitat Oriol Amat) ben interessants per a valorar l&#8217;\u00fas de la llengua en el cinema: L\u2019excusa del catal\u00e0 Un estudi encarregat a la Pompeu Fabra per la mateixa entitat que convoca el tancament de cines revela [&hellip;]<\/p>\n","protected":false},"author":2,"featured_media":0,"comment_status":"open","ping_status":"open","sticky":false,"template":"","format":"standard","meta":{"footnotes":""},"categories":[36,42,1,47,24],"tags":[159,162],"class_list":["post-1462","post","type-post","status-publish","format-standard","hentry","category-allofobia","category-cinema-comunicacio","category-general","category-planificacio","category-requisit-linguistic","tag-drets-linguistics","tag-economia"],"_links":{"self":[{"href":"https:\/\/www.cdlpv.org\/dtl\/wp-json\/wp\/v2\/posts\/1462","targetHints":{"allow":["GET"]}}],"collection":[{"href":"https:\/\/www.cdlpv.org\/dtl\/wp-json\/wp\/v2\/posts"}],"about":[{"href":"https:\/\/www.cdlpv.org\/dtl\/wp-json\/wp\/v2\/types\/post"}],"author":[{"embeddable":true,"href":"https:\/\/www.cdlpv.org\/dtl\/wp-json\/wp\/v2\/users\/2"}],"replies":[{"embeddable":true,"href":"https:\/\/www.cdlpv.org\/dtl\/wp-json\/wp\/v2\/comments?post=1462"}],"version-history":[{"count":0,"href":"https:\/\/www.cdlpv.org\/dtl\/wp-json\/wp\/v2\/posts\/1462\/revisions"}],"wp:attachment":[{"href":"https:\/\/www.cdlpv.org\/dtl\/wp-json\/wp\/v2\/media?parent=1462"}],"wp:term":[{"taxonomy":"category","embeddable":true,"href":"https:\/\/www.cdlpv.org\/dtl\/wp-json\/wp\/v2\/categories?post=1462"},{"taxonomy":"post_tag","embeddable":true,"href":"https:\/\/www.cdlpv.org\/dtl\/wp-json\/wp\/v2\/tags?post=1462"}],"curies":[{"name":"wp","href":"https:\/\/api.w.org\/{rel}","templated":true}]}}