{"id":146,"date":"2007-08-07T19:53:26","date_gmt":"2007-08-07T18:53:26","guid":{"rendered":"http:\/\/www.cdlpv.org\/dtl\/?p=146"},"modified":"2007-08-07T19:53:26","modified_gmt":"2007-08-07T18:53:26","slug":"hip-hop-en-valencia","status":"publish","type":"post","link":"https:\/\/www.cdlpv.org\/dtl\/2007\/08\/07\/hip-hop-en-valencia\/","title":{"rendered":"Hip hop en valenci\u00e0"},"content":{"rendered":"<p>A pesar que \u00e9s estiu, l&#8217;evoluci\u00f3 del valenci\u00e0 en tots els \u00e0mbits socials encara genera alguna not\u00edcia, que potser prov\u00e9 de la nevera dels diaris, per\u00f2 que t\u00e9 inter\u00e9s pels moviments possibles que ens permet con\u00e9ixer.<\/p>\n<p>La not\u00edcia del diari <em>El Pa\u00eds<\/em> (<a href=\"http:\/\/www.elpais.com\/articulo\/Comunidad\/Valenciana\/hip\/hop\/esencia\/mediterranea\/elpepuespval\/20070805elpval_14\/Tes\" target=\"_blank\">05.08.2007<\/a>; tradu\u00efda amb l&#8217;ajuda de l&#8217;<a href=\"http:\/\/internostrum.com\/\" target=\"_blank\">Internostrum<\/a>) \u00e9s la seg\u00fcent:<\/p>\n<blockquote>\n<h2>Un <em>hip hop<\/em> d&#8217;ess\u00e8ncia mediterr\u00e0nia<\/h2>\n<h3>Joves grups de m\u00fasics consoliden el <em>rap<\/em> a Val\u00e8ncia amb lletres compromeses amb l&#8217;horta i obrint cam\u00ed al valenci\u00e0<\/h3>\n<h5>Rafa Cervera &#8211; Val\u00e8ncia &#8211; 05.08.2007.<\/h5>\n<p>\u00abEl <em>hip hop<\/em> valenci\u00e0 \u00e9s, en l\u00ednies generals, molt independent. No t\u00e9 un so propi per\u00f2 s\u00ed una actitud pr\u00f2pia\u00bb. La definici\u00f3 prov\u00e9 de Jezie, <em>raper<\/em> en solitari i membre d&#8217;una de les formacions que m\u00e9s han ajudat a afermar el g\u00e8nere en la ciutat de Val\u00e8ncia: 13Passos. Van sorgir fa m\u00e9s de deu anys i en l&#8217;actualitat estan en fase d&#8217;animaci\u00f3 suspesa. Han estat vitals perqu\u00e8 Val\u00e8ncia desenvolupe la seua pr\u00f2pia m\u00fasica urbana. Un so que ve de la cultura afroamericana i que \u00e9s del carrer i, per tant, es nodreix del que hi passa.<\/p>\n<p>Alberto Ramos fa anys que es va convertir en MC Alberto (MC, sigles de <em>mestre de cerim\u00f2nies<\/em>, que fan refer\u00e8ncia sempre a la funci\u00f3 \u00abpredicadora\u00bb del <em>raper<\/em>). \u00c9s tamb\u00e9 el responsable del programa radiof\u00f2nic MC Alberto En Directe, que s&#8217;emet des de fa deu anys en Radio Funny. Un especialista en la mat\u00e8ria que ha ha ocupat un paper clau en la difusi\u00f3 d&#8217;esta m\u00fasica a la Comunitat Valenciana. \u00abEl <em>hip hop<\/em> d&#8217;ac\u00ed t\u00e9 un toc fresc, mediterrani. En este g\u00e8nere has de parlar del que vius i el que sents, expressar-te a tu mateix, aix\u00ed que el teu entorn sempre t&#8217;influ\u00efx\u00bb. Jezie \u00e9s del barri de Sant Marcel\u00b7l\u00ed. \u00abAll\u00ed som tots molt nostres\u00bb, explica, \u00abse&#8217;ns omple el pit quan vam parlar del barri, potser perqu\u00e8 durant molts anys hem estat separats de la ciutat. En les meues can\u00e7ons est\u00e0 present el barri per\u00f2 tamb\u00e9 el Llevant UD, l&#8217;espoli a l&#8217;horta, l&#8217;omnipres\u00e8ncia del ciment&#8230;\u00bb<\/p>\n<p>Meser va fundar una associaci\u00f3 anomenada VLZona per a ajudar a difondre la cultura <em>hip hop<\/em> i dirigix uns estudis d&#8217;enregistrament, La Punta Estudis, en el que queda de la zona de La Punta. Tamb\u00e9 fa m\u00fasica i forma part del grup Nascuts de la Terra, creat amb la peruana Kas\u00fa i el brit\u00e0nic Malakai. \u00abEn altres ciutats ha sorgit un nom que ha despuntat i ha ajudat que altres artistes i grups d&#8217;eixa mateixa pedrera es facen coneguts\u00bb, explica Meser respecte a la projecci\u00f3 de l&#8217;escena local.<\/p>\n<p>\u00abAc\u00ed no hi ha hagut un peix gros que ajude a llan\u00e7ar dels altres. Cota treball fer-se lloc, per\u00f2 no cal deixar de treballar ni desanimar-se\u00bb. Una de les can\u00e7ons de Meser es diu Hist\u00f2ries de L&#8217;Horta. \u00abVaig voler fer-la en valenci\u00e0, era tot un repte. Quan la cante en els concerts la gent es torna boja, aix\u00ed que supose que algun dia m&#8217;atrevir\u00e9 amb un disc sencer en valenci\u00e0\u00bb. Qui de moment ha decidit usar la seua llengua vernacla per als <em>rapejats<\/em> \u00e9s Jezie. \u00abFa un any vaig gravar unes lletres en valenci\u00e0. Em va agradar el resultat. \u00c9s una llengua que d\u00f3na m\u00e9s joc, les paraules s\u00f3n m\u00e9s curtes i tenen m\u00e9s musicalitat. I, sobretot, em sona b\u00e9\u00bb.<\/p>\n<p>Anita forma part del quartet femen\u00ed CDQ. S\u00f3n de Mislata i tamb\u00e9 van ser pioneres en esta ciutat pel que fa a <em>rapejar<\/em>. Amb elles es trenca el t\u00f2pic que \u00e9s un g\u00e8nere de mascles. \u00abEl que ocorre, explica Anita, \u00e9s que a Espanya no \u00e9s com\u00fa veure a dones fent <em>rap<\/em>. Ning\u00fa ens ha rebutjat mai per ser dones, tot el contrari, desperta molta curiositat veure el que fem. Per desgr\u00e0cia, en el m\u00f3n de l&#8217;espectacle del g\u00e8nere femen\u00ed se solen esperar coses que no tenen gens a vore amb este estil. Si un <em>raper<\/em> ix, diu quatre barbaritats i es grata l&#8217;entrecuix, tots l&#8217;aplaudixen. A nosaltres ens ha ocorregut que, per usar insults en les nostres lletres, ens han censurat\u00bb. Compartix tamb\u00e9 amb els seus companys la teoria que el <em>hip hop<\/em> d&#8217;ac\u00ed t\u00e9 una \u00abess\u00e8ncia mediterr\u00e0nia\u00bb. \u00abA m\u00e9s, en les nostres lletres vam parlar molt de Val\u00e8ncia i de Mislata, encara que no les nomenem perqu\u00e8 estem parlant del nostre dia a dia, de les dificultats de l&#8217;entorn i tamb\u00e9 de com divertir-nos, tot aix\u00f2 sense deixar d&#8217;estar pendents del que succe\u00efx en la resta del m\u00f3n\u00bb.<\/p>\n<p>De moment, la resta del m\u00f3n no sembla desviure&#8217;s pel <em>hip hop<\/em> valenci\u00e0 a pesar de la seua activitat i del creixent nombre d&#8217;artistes que el conreen. Els grups funcionen b\u00e0sicament amb maquetes i, excepte el gradual impacte d&#8217;Alberto Gambino, no sembla que cap dels seus representants haja d&#8217;aconseguir una repercussi\u00f3 immediata a curt termini fora de la comunitat. MC Alberto creu que \u00e9s simplement una q\u00fcesti\u00f3 de temps que haja un assentament ferm. \u00abEn este col\u00b7lectiu hi ha una certa cohesi\u00f3 i \u00e9s f\u00e0cil establir comunicaci\u00f3, per\u00f2 tamb\u00e9 s&#8217;a\u00eflla amb facilitat el receptor no desitjat\u00bb. Eixe a\u00efllament no ha evitat que Meser o les CQD graven i autoediten els seus discs o maquetes. Una vegada m\u00e9s, les possibilitats d&#8217;Internet contribu\u00efxen que cada artista edifique el seu propi nucli de fans divulgant la seua m\u00fasica i els seus missatges a trav\u00e9s del ciberespai. \u00abUn segell\u00bb, puntualitza Anita, \u00abque ha gravat quatre maquetes amb CQD, el que ha de fer \u00e9s proporcionar-te mitjans perqu\u00e8 la teua m\u00fasica sone, i promocionar-te. Per a fer m\u00fasica no fan falta grans estudis i, d&#8217;altra banda, es coneixen molts casos en qu\u00e8 una discogr\u00e0fica trau un disc i despr\u00e9s passa de promocionar-lo, per aix\u00f2 els concerts te&#8217;ls has de buscar tu. En definitiva, hi ha molta qualitat en les maquetes i preferixc ser ama i senyora del que faig a moure&#8217;m al so que marquen altres\u00bb.<\/p><\/blockquote>\n","protected":false},"excerpt":{"rendered":"<p>A pesar que \u00e9s estiu, l&#8217;evoluci\u00f3 del valenci\u00e0 en tots els \u00e0mbits socials encara genera alguna not\u00edcia, que potser prov\u00e9 de la nevera dels diaris, per\u00f2 que t\u00e9 inter\u00e9s pels moviments possibles que ens permet con\u00e9ixer. La not\u00edcia del diari El Pa\u00eds (05.08.2007; tradu\u00efda amb l&#8217;ajuda de l&#8217;Internostrum) \u00e9s la seg\u00fcent: Un hip hop d&#8217;ess\u00e8ncia [&hellip;]<\/p>\n","protected":false},"author":2,"featured_media":0,"comment_status":"open","ping_status":"open","sticky":false,"template":"","format":"standard","meta":{"footnotes":""},"categories":[1],"tags":[],"class_list":["post-146","post","type-post","status-publish","format-standard","hentry","category-general"],"_links":{"self":[{"href":"https:\/\/www.cdlpv.org\/dtl\/wp-json\/wp\/v2\/posts\/146","targetHints":{"allow":["GET"]}}],"collection":[{"href":"https:\/\/www.cdlpv.org\/dtl\/wp-json\/wp\/v2\/posts"}],"about":[{"href":"https:\/\/www.cdlpv.org\/dtl\/wp-json\/wp\/v2\/types\/post"}],"author":[{"embeddable":true,"href":"https:\/\/www.cdlpv.org\/dtl\/wp-json\/wp\/v2\/users\/2"}],"replies":[{"embeddable":true,"href":"https:\/\/www.cdlpv.org\/dtl\/wp-json\/wp\/v2\/comments?post=146"}],"version-history":[{"count":0,"href":"https:\/\/www.cdlpv.org\/dtl\/wp-json\/wp\/v2\/posts\/146\/revisions"}],"wp:attachment":[{"href":"https:\/\/www.cdlpv.org\/dtl\/wp-json\/wp\/v2\/media?parent=146"}],"wp:term":[{"taxonomy":"category","embeddable":true,"href":"https:\/\/www.cdlpv.org\/dtl\/wp-json\/wp\/v2\/categories?post=146"},{"taxonomy":"post_tag","embeddable":true,"href":"https:\/\/www.cdlpv.org\/dtl\/wp-json\/wp\/v2\/tags?post=146"}],"curies":[{"name":"wp","href":"https:\/\/api.w.org\/{rel}","templated":true}]}}