{"id":1457,"date":"2010-01-29T14:16:25","date_gmt":"2010-01-29T13:16:25","guid":{"rendered":"http:\/\/www.cdlpv.org\/dtl\/?p=1457"},"modified":"2010-01-29T14:16:25","modified_gmt":"2010-01-29T13:16:25","slug":"beques-de-lavl-per-a-recerca-linguistica","status":"publish","type":"post","link":"https:\/\/www.cdlpv.org\/dtl\/2010\/01\/29\/beques-de-lavl-per-a-recerca-linguistica\/","title":{"rendered":"Beques de l&#8217;AVL per a recerca ling\u00fc\u00edstica"},"content":{"rendered":"<p>El <em>Diari Oficial de la Comunitat Valenciana<\/em> (n\u00fam. 6.194, 28.01.2010) ha publicat la resoluci\u00f3 de l&#8217;Acad\u00e8mia Valenciana de la Llengua mitjan\u00e7ant la qual es convoquen beques per a la realitzaci\u00f3  de treballs d&#8217;investigaci\u00f3 ling\u00fc\u00edstica sobre el valenci\u00e0.<\/p>\n<p>Ac\u00ed teniu el document: <a href=\"http:\/\/www.docv.gva.es\/portal\/portal\/2010\/01\/28\/pdf\/2010_438.pdf\" target=\"_blank\"><span class=\"versaleta\">[pdf]<\/span><\/a><\/p>\n","protected":false},"excerpt":{"rendered":"<p>El Diari Oficial de la Comunitat Valenciana (n\u00fam. 6.194, 28.01.2010) ha publicat la resoluci\u00f3 de l&#8217;Acad\u00e8mia Valenciana de la Llengua mitjan\u00e7ant la qual es convoquen beques per a la realitzaci\u00f3 de treballs d&#8217;investigaci\u00f3 ling\u00fc\u00edstica sobre el valenci\u00e0. Ac\u00ed teniu el document: [pdf]<\/p>\n","protected":false},"author":2,"featured_media":0,"comment_status":"open","ping_status":"open","sticky":false,"template":"","format":"standard","meta":{"footnotes":""},"categories":[38,40,10,1,22],"tags":[278],"class_list":["post-1457","post","type-post","status-publish","format-standard","hentry","category-avl","category-beques-formacio","category-formacio","category-general","category-recerca","tag-linguistica"],"_links":{"self":[{"href":"https:\/\/www.cdlpv.org\/dtl\/wp-json\/wp\/v2\/posts\/1457","targetHints":{"allow":["GET"]}}],"collection":[{"href":"https:\/\/www.cdlpv.org\/dtl\/wp-json\/wp\/v2\/posts"}],"about":[{"href":"https:\/\/www.cdlpv.org\/dtl\/wp-json\/wp\/v2\/types\/post"}],"author":[{"embeddable":true,"href":"https:\/\/www.cdlpv.org\/dtl\/wp-json\/wp\/v2\/users\/2"}],"replies":[{"embeddable":true,"href":"https:\/\/www.cdlpv.org\/dtl\/wp-json\/wp\/v2\/comments?post=1457"}],"version-history":[{"count":0,"href":"https:\/\/www.cdlpv.org\/dtl\/wp-json\/wp\/v2\/posts\/1457\/revisions"}],"wp:attachment":[{"href":"https:\/\/www.cdlpv.org\/dtl\/wp-json\/wp\/v2\/media?parent=1457"}],"wp:term":[{"taxonomy":"category","embeddable":true,"href":"https:\/\/www.cdlpv.org\/dtl\/wp-json\/wp\/v2\/categories?post=1457"},{"taxonomy":"post_tag","embeddable":true,"href":"https:\/\/www.cdlpv.org\/dtl\/wp-json\/wp\/v2\/tags?post=1457"}],"curies":[{"name":"wp","href":"https:\/\/api.w.org\/{rel}","templated":true}]}}