{"id":1452,"date":"2010-01-29T13:59:05","date_gmt":"2010-01-29T12:59:05","guid":{"rendered":"http:\/\/www.cdlpv.org\/dtl\/?p=1452"},"modified":"2010-01-29T13:59:05","modified_gmt":"2010-01-29T12:59:05","slug":"el-reglament-dus-linguistic-de-lajuntament-de-barcelona","status":"publish","type":"post","link":"https:\/\/www.cdlpv.org\/dtl\/2010\/01\/29\/el-reglament-dus-linguistic-de-lajuntament-de-barcelona\/","title":{"rendered":"El reglament d&#8217;\u00fas ling\u00fc\u00edstic de l&#8217;Ajuntament de Barcelona"},"content":{"rendered":"<p>Podem llegir en el <a href=\"http:\/\/w3.bcn.es\/V01\/Serveis\/Noticies\/V01NoticiesLlistatNoticiesCtl\/0,2138,200713899_214951850_1_1134253400,00.html?accio=detall&#038;home=\" target=\"_blank\">web<\/a> de l&#8217;Ajuntament de Barcelona la not\u00edcia seg\u00fcent:<\/p>\n<blockquote>\n<h2>L&#8217;Ajuntament aposta pel catal\u00e0<\/h2>\n<p class=\"periodista\">Redacci\u00f3 bcn.cat<\/p>\n<h3>El Consell Plenari del proper 5 de febrer aprovar\u00e0 un reglament d&#8217;usos ling\u00fc\u00edstics que reconeix el catal\u00e0 com a llengua de ple \u00fas de l&#8217;Administraci\u00f3 municipal. En aquest sentit, el catal\u00e0 ser\u00e0 la llengua oficial i d&#8217;\u00fas normal i preferent de l&#8217;Ajuntament.<\/h3>\n<p>L&#8217;Ajuntament de Barcelona utilitzar\u00e0 nom\u00e9s el catal\u00e0 per a totes les seves comunicacions internes, despr\u00e9s d&#8217;incloure al Reglament d&#8217;usos ling\u00fc\u00edstics una esmena del grup municipal d&#8217;ERC que va modificar l&#8217;afirmaci\u00f3 anterior d&#8217;\u00ab\u00fas preferent\u00bb.<\/p>\n<p>El reglament enforteix l&#8217;\u00fas \u00abvehicular\u00bb del catal\u00e0 en les comunicacions del consistori. El Reglament d&#8217;usos ling\u00fc\u00edstics de la llengua catalana de l&#8217;Ajuntament s&#8217;aprovar\u00e0 definitivament en el pr\u00f2xim ple, el 5 de febrer, amb el vot a favor de <span class=\"versaleta\">psc, ciu, erc<\/span> i <span class=\"versaleta\">icv-euia<\/span>, i en contra del <span class=\"versaleta\">pp<\/span>, despr\u00e9s que es resolguessin les al\u00b7legacions en la Comissi\u00f3 de Presid\u00e8ncia, Territori i Funci\u00f3 P\u00fablica.\n<\/p><\/blockquote>\n<p>Tamb\u00e9 tractaven la q\u00fcesti\u00f3 en el diari <em>El Pa\u00eds<\/em> (Blanca Cia, \u00abEl catal\u00e1n ser\u00e1 preferente en el Ayuntamiento de Barcelona\u00bb, <a href=\"http:\/\/www.elpais.com\/articulo\/espana\/catalan\/sera\/preferente\/Ayuntamiento\/Barcelona\/elpepiesp\/20100128elpepinac_12\/Tes\" target=\"_blank\">28.01.2010<\/a>):<\/p>\n<blockquote><p>\nAmb el reglament en la m\u00e0 queda clar que el catal\u00e0 ser\u00e0 l&#8217;idioma predominant en la relaci\u00f3 amb l&#8217;administraci\u00f3 municipal. Tot tipus d&#8217;impresos estaran en catal\u00e0. Els contractes amb tercers per a realitzar informes, projectes o estudis s&#8217;haurien de redactar \u00abamb car\u00e0cter general\u00bb en llengua catalana. El mateix ocorrer\u00e0 en el plec de condicions dels contractes administratius en els quals es requerir\u00e0 que la documentaci\u00f3 es lliure en catal\u00e0. Tots els cat\u00e0legs i ofertes de serveis haurien d&#8217;estar redactats en catal\u00e0. Aix\u00ed mateix, el reglament preveu que l&#8217;\u00fas de la llengua catalana figure entre \u00abels criteris determinants\u00bb en les cl\u00e0usules dels contractes p\u00fablics \u00absempre que de l&#8217;objecte d&#8217;estos es deriven comunicacions orals o escrites amb els usuaris i usu\u00e0ries\u00bb.<\/p>\n<p>El ple del parlament catal\u00e0 va iniciar el debat del nou Codi de consum. El text inclou tamb\u00e9 un cap\u00edtol que refor\u00e7a l&#8217;obligaci\u00f3 de l&#8217;\u00fas del catal\u00e0 per les empreses. Establix que les ofertes, fullets i cartells dels establiments haurien d&#8217;estar en catal\u00e0. Preveu sancions lleus (de fins a 10.000 euros) per a qui ho incomplixca i m\u00e9s quantioses per a qui hi reincidixca. <span class=\"versaleta\">pp<\/span> i Ciutadans s&#8217;hi van mostrar en contra, ja que creuen que la llei vetlar\u00e0 pel consumidor, per\u00f2 no per l&#8217;empresa.\n<\/p><\/blockquote>\n<p>Podeu trobar el reglament ac\u00ed: <a href=\"http:\/\/www.einesdellengua.com\/Legis\/Arxius\/Requisit\/reglaments\/reglbarcelona.pdf\" target=\"_blank\"><span class=\"versaleta\">[pdf]<\/span><\/a><\/p>\n","protected":false},"excerpt":{"rendered":"<p>Podem llegir en el web de l&#8217;Ajuntament de Barcelona la not\u00edcia seg\u00fcent: L&#8217;Ajuntament aposta pel catal\u00e0 Redacci\u00f3 bcn.cat El Consell Plenari del proper 5 de febrer aprovar\u00e0 un reglament d&#8217;usos ling\u00fc\u00edstics que reconeix el catal\u00e0 com a llengua de ple \u00fas de l&#8217;Administraci\u00f3 municipal. En aquest sentit, el catal\u00e0 ser\u00e0 la llengua oficial i d&#8217;\u00fas [&hellip;]<\/p>\n","protected":false},"author":2,"featured_media":0,"comment_status":"open","ping_status":"open","sticky":false,"template":"","format":"standard","meta":{"footnotes":""},"categories":[3,1,47,19,23,24],"tags":[50,71],"class_list":["post-1452","post","type-post","status-publish","format-standard","hentry","category-documentacio","category-general","category-planificacio","category-politica","category-reglaments-linguistics","category-requisit-linguistic","tag-administracio-local","tag-barcelona"],"_links":{"self":[{"href":"https:\/\/www.cdlpv.org\/dtl\/wp-json\/wp\/v2\/posts\/1452","targetHints":{"allow":["GET"]}}],"collection":[{"href":"https:\/\/www.cdlpv.org\/dtl\/wp-json\/wp\/v2\/posts"}],"about":[{"href":"https:\/\/www.cdlpv.org\/dtl\/wp-json\/wp\/v2\/types\/post"}],"author":[{"embeddable":true,"href":"https:\/\/www.cdlpv.org\/dtl\/wp-json\/wp\/v2\/users\/2"}],"replies":[{"embeddable":true,"href":"https:\/\/www.cdlpv.org\/dtl\/wp-json\/wp\/v2\/comments?post=1452"}],"version-history":[{"count":0,"href":"https:\/\/www.cdlpv.org\/dtl\/wp-json\/wp\/v2\/posts\/1452\/revisions"}],"wp:attachment":[{"href":"https:\/\/www.cdlpv.org\/dtl\/wp-json\/wp\/v2\/media?parent=1452"}],"wp:term":[{"taxonomy":"category","embeddable":true,"href":"https:\/\/www.cdlpv.org\/dtl\/wp-json\/wp\/v2\/categories?post=1452"},{"taxonomy":"post_tag","embeddable":true,"href":"https:\/\/www.cdlpv.org\/dtl\/wp-json\/wp\/v2\/tags?post=1452"}],"curies":[{"name":"wp","href":"https:\/\/api.w.org\/{rel}","templated":true}]}}