{"id":1446,"date":"2010-01-23T20:37:41","date_gmt":"2010-01-23T19:37:41","guid":{"rendered":"http:\/\/www.cdlpv.org\/dtl\/?p=1446"},"modified":"2010-01-23T20:37:41","modified_gmt":"2010-01-23T19:37:41","slug":"la-tv3-a-les-illes-balears","status":"publish","type":"post","link":"https:\/\/www.cdlpv.org\/dtl\/2010\/01\/23\/la-tv3-a-les-illes-balears\/","title":{"rendered":"La TV3 a les Illes Balears"},"content":{"rendered":"<p>Segons informa el diari <em>Avui<\/em> <a href=\"http:\/\/www.avui.cat\/cat\/notices\/2010\/01\/el_govern_catala_i_el_balear_acorden_emetre_en_tdt_la_resta_de_canals_catalans_a_les_illes_85226.php\" target=\"_blank\"> (21.01.2010)<\/a>:<\/p>\n<blockquote>\n<h2>El govern catal\u00e0 i el balear acorden emetre en <span class=\"versaleta\">tdt<\/span> la resta de canals catalans a les illes<\/h2>\n<h3>A l&#8217;emissi\u00f3 de <span class=\"versaleta\">tv3<\/span> iniciada fa un any se sumen a partir de febrer les del Canal 33, el Canal Super3\/300 i el 3\/24<\/h3>\n[&#8230;]\n<p>Els dos consellers han expressat la seva satisfacci\u00f3 per aquest acord i Tresserras ha destacat que representa \u00abun aven\u00e7 que permet ampliar l\u2019oferta disponible en llengua catalana\u00bb. Aix\u00ed mateix, tots dos han expressat la seva voluntat d\u2019ampliar aquests acords amb el Pa\u00eds Valenci\u00e0. En aquest sentit, el conseller catal\u00e0 de Cultura i Mitjans ha lamentat que el govern espanyol \u00abno hagi aprofitat l\u2019aprovaci\u00f3 de la Llei Audiovisual per resoldre definitivament aquesta q\u00fcesti\u00f3\u00bb.\n<\/p><\/blockquote>\n","protected":false},"excerpt":{"rendered":"<p>Segons informa el diari Avui (21.01.2010): El govern catal\u00e0 i el balear acorden emetre en tdt la resta de canals catalans a les illes A l&#8217;emissi\u00f3 de tv3 iniciada fa un any se sumen a partir de febrer les del Canal 33, el Canal Super3\/300 i el 3\/24 [&#8230;] Els dos consellers han expressat la [&hellip;]<\/p>\n","protected":false},"author":2,"featured_media":0,"comment_status":"open","ping_status":"open","sticky":false,"template":"","format":"standard","meta":{"footnotes":""},"categories":[2,4,1,19,34],"tags":[100,465],"class_list":["post-1446","post","type-post","status-publish","format-standard","hentry","category-comunicacio","category-dret","category-general","category-politica","category-tv3","tag-censura","tag-televisio"],"_links":{"self":[{"href":"https:\/\/www.cdlpv.org\/dtl\/wp-json\/wp\/v2\/posts\/1446","targetHints":{"allow":["GET"]}}],"collection":[{"href":"https:\/\/www.cdlpv.org\/dtl\/wp-json\/wp\/v2\/posts"}],"about":[{"href":"https:\/\/www.cdlpv.org\/dtl\/wp-json\/wp\/v2\/types\/post"}],"author":[{"embeddable":true,"href":"https:\/\/www.cdlpv.org\/dtl\/wp-json\/wp\/v2\/users\/2"}],"replies":[{"embeddable":true,"href":"https:\/\/www.cdlpv.org\/dtl\/wp-json\/wp\/v2\/comments?post=1446"}],"version-history":[{"count":0,"href":"https:\/\/www.cdlpv.org\/dtl\/wp-json\/wp\/v2\/posts\/1446\/revisions"}],"wp:attachment":[{"href":"https:\/\/www.cdlpv.org\/dtl\/wp-json\/wp\/v2\/media?parent=1446"}],"wp:term":[{"taxonomy":"category","embeddable":true,"href":"https:\/\/www.cdlpv.org\/dtl\/wp-json\/wp\/v2\/categories?post=1446"},{"taxonomy":"post_tag","embeddable":true,"href":"https:\/\/www.cdlpv.org\/dtl\/wp-json\/wp\/v2\/tags?post=1446"}],"curies":[{"name":"wp","href":"https:\/\/api.w.org\/{rel}","templated":true}]}}