{"id":1444,"date":"2010-01-23T20:29:30","date_gmt":"2010-01-23T19:29:30","guid":{"rendered":"http:\/\/www.cdlpv.org\/dtl\/?p=1444"},"modified":"2010-01-23T20:29:30","modified_gmt":"2010-01-23T19:29:30","slug":"deu-milions-deuropeus","status":"publish","type":"post","link":"https:\/\/www.cdlpv.org\/dtl\/2010\/01\/23\/deu-milions-deuropeus\/","title":{"rendered":"Deu milions d&#8217;europeus"},"content":{"rendered":"<p>El diari <em>Avui<\/em> <a href=\"http:\/\/www.avui.cat\/cat\/notices\/2010\/01\/la_llengua_de_deu_milions_d_europeus_85296.php\" target=\"_blank\"> (22.01.2010)<\/a> ens informa sobre Expolangues:<\/p>\n<blockquote>\n<h2>La llengua de deu milions d&#8217;europeus<\/h2>\n<h3>El catal\u00e0 \u00e9s la llengua convidada d&#8217;honor a la 28a edici\u00f3 d&#8217;Expolangues, el sal\u00f3 internacional de les lleng\u00fces i les cultures estrangeres, que tindr\u00e0 lloc a Par\u00eds del 3 al 6 de febrer<\/h3>\n[&#8230;]\n<p>Entre les diverses activitats, de car\u00e0cter acad\u00e8mic i art\u00edstic, que tindran lloc a Par\u00eds, la intenci\u00f3 \u00e9s propagar la idea que 10 milions d&#8217;europeus parlem el catal\u00e0, amb accents diferents i enriquidors. Amb aquest motiu es pensa omplir Par\u00eds de cartells que ho faran saber, i est\u00e0 prevista l&#8217;emissi\u00f3 de 200 espots a la televisi\u00f3 francesa en qu\u00e8 l&#8217;actor vilanov\u00ed Sergi L\u00f3pez explica que parla catal\u00e0.<\/p>\n[&#8230;]\n<\/p><\/blockquote>\n","protected":false},"excerpt":{"rendered":"<p>El diari Avui (22.01.2010) ens informa sobre Expolangues: La llengua de deu milions d&#8217;europeus El catal\u00e0 \u00e9s la llengua convidada d&#8217;honor a la 28a edici\u00f3 d&#8217;Expolangues, el sal\u00f3 internacional de les lleng\u00fces i les cultures estrangeres, que tindr\u00e0 lloc a Par\u00eds del 3 al 6 de febrer [&#8230;] Entre les diverses activitats, de car\u00e0cter acad\u00e8mic [&hellip;]<\/p>\n","protected":false},"author":2,"featured_media":0,"comment_status":"open","ping_status":"open","sticky":false,"template":"","format":"standard","meta":{"footnotes":""},"categories":[2,1,19,27,35],"tags":[351,465],"class_list":["post-1444","post","type-post","status-publish","format-standard","hentry","category-comunicacio","category-general","category-politica","category-sociolinguistica","category-unio-europea","tag-paris","tag-televisio"],"_links":{"self":[{"href":"https:\/\/www.cdlpv.org\/dtl\/wp-json\/wp\/v2\/posts\/1444","targetHints":{"allow":["GET"]}}],"collection":[{"href":"https:\/\/www.cdlpv.org\/dtl\/wp-json\/wp\/v2\/posts"}],"about":[{"href":"https:\/\/www.cdlpv.org\/dtl\/wp-json\/wp\/v2\/types\/post"}],"author":[{"embeddable":true,"href":"https:\/\/www.cdlpv.org\/dtl\/wp-json\/wp\/v2\/users\/2"}],"replies":[{"embeddable":true,"href":"https:\/\/www.cdlpv.org\/dtl\/wp-json\/wp\/v2\/comments?post=1444"}],"version-history":[{"count":0,"href":"https:\/\/www.cdlpv.org\/dtl\/wp-json\/wp\/v2\/posts\/1444\/revisions"}],"wp:attachment":[{"href":"https:\/\/www.cdlpv.org\/dtl\/wp-json\/wp\/v2\/media?parent=1444"}],"wp:term":[{"taxonomy":"category","embeddable":true,"href":"https:\/\/www.cdlpv.org\/dtl\/wp-json\/wp\/v2\/categories?post=1444"},{"taxonomy":"post_tag","embeddable":true,"href":"https:\/\/www.cdlpv.org\/dtl\/wp-json\/wp\/v2\/tags?post=1444"}],"curies":[{"name":"wp","href":"https:\/\/api.w.org\/{rel}","templated":true}]}}