{"id":1434,"date":"2010-01-16T12:40:36","date_gmt":"2010-01-16T11:40:36","guid":{"rendered":"http:\/\/www.cdlpv.org\/dtl\/?p=1434"},"modified":"2010-01-16T12:40:36","modified_gmt":"2010-01-16T11:40:36","slug":"pel-requisit-linguistic-valencia","status":"publish","type":"post","link":"https:\/\/www.cdlpv.org\/dtl\/2010\/01\/16\/pel-requisit-linguistic-valencia\/","title":{"rendered":"Pel requisit ling\u00fc\u00edstic valenci\u00e0"},"content":{"rendered":"<p>Manifest a favor del coneixement del valenci\u00e0 per a l&#8217;acc\u00e9s a un lloc de treball de les administracions p\u00fabliques valencianes <span class=\"versaleta\"><a href=\"http:\/\/sites.google.com\/site\/sialvalencia\/manifest\" target=\"_blank\">[html]<\/a> \/ <a href=\"http:\/\/valencianspelcanvi.net\/wp-content\/uploads\/manifest09.pdf\" target=\"_blank\">[pdf]<\/a><\/span><\/p>\n<p>Vos podeu adherir a la iniciativa individualment i col\u00b7lectivament en el web <a href=\"http:\/\/sites.google.com\/site\/sialvalencia\/home\" target=\"_blank\"><em>S\u00ed al Valenci\u00e0<\/em><\/a>.<\/p>\n","protected":false},"excerpt":{"rendered":"<p>Manifest a favor del coneixement del valenci\u00e0 per a l&#8217;acc\u00e9s a un lloc de treball de les administracions p\u00fabliques valencianes [html] \/ [pdf] Vos podeu adherir a la iniciativa individualment i col\u00b7lectivament en el web S\u00ed al Valenci\u00e0.<\/p>\n","protected":false},"author":2,"featured_media":0,"comment_status":"open","ping_status":"open","sticky":false,"template":"","format":"standard","meta":{"footnotes":""},"categories":[1,19,24],"tags":[119],"class_list":["post-1434","post","type-post","status-publish","format-standard","hentry","category-general","category-politica","category-requisit-linguistic","tag-contraplanificacio"],"_links":{"self":[{"href":"https:\/\/www.cdlpv.org\/dtl\/wp-json\/wp\/v2\/posts\/1434","targetHints":{"allow":["GET"]}}],"collection":[{"href":"https:\/\/www.cdlpv.org\/dtl\/wp-json\/wp\/v2\/posts"}],"about":[{"href":"https:\/\/www.cdlpv.org\/dtl\/wp-json\/wp\/v2\/types\/post"}],"author":[{"embeddable":true,"href":"https:\/\/www.cdlpv.org\/dtl\/wp-json\/wp\/v2\/users\/2"}],"replies":[{"embeddable":true,"href":"https:\/\/www.cdlpv.org\/dtl\/wp-json\/wp\/v2\/comments?post=1434"}],"version-history":[{"count":0,"href":"https:\/\/www.cdlpv.org\/dtl\/wp-json\/wp\/v2\/posts\/1434\/revisions"}],"wp:attachment":[{"href":"https:\/\/www.cdlpv.org\/dtl\/wp-json\/wp\/v2\/media?parent=1434"}],"wp:term":[{"taxonomy":"category","embeddable":true,"href":"https:\/\/www.cdlpv.org\/dtl\/wp-json\/wp\/v2\/categories?post=1434"},{"taxonomy":"post_tag","embeddable":true,"href":"https:\/\/www.cdlpv.org\/dtl\/wp-json\/wp\/v2\/tags?post=1434"}],"curies":[{"name":"wp","href":"https:\/\/api.w.org\/{rel}","templated":true}]}}