{"id":1431,"date":"2010-01-14T12:41:53","date_gmt":"2010-01-14T11:41:53","guid":{"rendered":"http:\/\/www.cdlpv.org\/dtl\/?p=1431"},"modified":"2010-01-14T12:41:53","modified_gmt":"2010-01-14T11:41:53","slug":"jqcv-resultats-del-superior-mitja-i-capacitacio-tecnica","status":"publish","type":"post","link":"https:\/\/www.cdlpv.org\/dtl\/2010\/01\/14\/jqcv-resultats-del-superior-mitja-i-capacitacio-tecnica\/","title":{"rendered":"JQCV: resultats del superior, mitj\u00e0 i capacitaci\u00f3 t\u00e8cnica"},"content":{"rendered":"<p>El <span class=\"versaleta\">cidaj<\/span> ens envia la informaci\u00f3 seg\u00fcent:<\/p>\n<blockquote>\n<ul>\n<li>Resoluci\u00f3 de 14 de desembre de 2009, de la presidenta de la Junta Qualificadora de Coneixements de Valenci\u00e0, per la qual es fan p\u00fabliques les llistes de resultats provisionals de la prova de grau mitj\u00e0 de coneixements de valenci\u00e0 i de capacitaci\u00f3 t\u00e8cnica: llenguatge als mitjans de comunicaci\u00f3 i llenguatge administratiu. [2009\/14618] (<span class=\"versaleta\"><em>docv<\/em><\/span>, n\u00fam. 6.182, de 12.01.2010)<br \/>\n<a href=\"http:\/\/www.pre.gva.es\/L\/BASIS\/BDLGVPU\/WEB\/LEV_LISTADOS_TEXTO\/DDW?W%3DSIGNATURA_N=208+AND+SIGNATURA_A=2010%26R%3DN\" target=\"_blank\">&#8211; vegeu text<\/a><\/p>\n<li>Resoluci\u00f3 de 21 de desembre de 2009, de la presidenta de la Junta Qualificadora de Coneixements de Valenci\u00e0, per la qual es fan p\u00fabliques les llistes de resultats provisionals de la prova de grau superior de coneixements de valenci\u00e0 i de capacitaci\u00f3 t\u00e8cnica: correcci\u00f3 de textos. [2009\/14902] (<span class=\"versaleta\"><em>docv<\/em><\/span>, n\u00fam. 6.182, de 12.01.2010)<br \/>\n<a href=\"http:\/\/www.pre.gva.es\/L\/BASIS\/BDLGVPU\/WEB\/LEV_LISTADOS_TEXTO\/DDW?W%3DSIGNATURA_N=209+AND+SIGNATURA_A=2010%26R%3DN\" target=\"_blank\">&#8211; vegeu text<\/a>\n<\/ul>\n<\/blockquote>\n","protected":false},"excerpt":{"rendered":"<p>El cidaj ens envia la informaci\u00f3 seg\u00fcent: Resoluci\u00f3 de 14 de desembre de 2009, de la presidenta de la Junta Qualificadora de Coneixements de Valenci\u00e0, per la qual es fan p\u00fabliques les llistes de resultats provisionals de la prova de grau mitj\u00e0 de coneixements de valenci\u00e0 i de capacitaci\u00f3 t\u00e8cnica: llenguatge als mitjans de comunicaci\u00f3 [&hellip;]<\/p>\n","protected":false},"author":2,"featured_media":0,"comment_status":"open","ping_status":"open","sticky":false,"template":"","format":"standard","meta":{"footnotes":""},"categories":[10,1,13],"tags":[101],"class_list":["post-1431","post","type-post","status-publish","format-standard","hentry","category-formacio","category-general","category-jqcv","tag-certificats"],"_links":{"self":[{"href":"https:\/\/www.cdlpv.org\/dtl\/wp-json\/wp\/v2\/posts\/1431","targetHints":{"allow":["GET"]}}],"collection":[{"href":"https:\/\/www.cdlpv.org\/dtl\/wp-json\/wp\/v2\/posts"}],"about":[{"href":"https:\/\/www.cdlpv.org\/dtl\/wp-json\/wp\/v2\/types\/post"}],"author":[{"embeddable":true,"href":"https:\/\/www.cdlpv.org\/dtl\/wp-json\/wp\/v2\/users\/2"}],"replies":[{"embeddable":true,"href":"https:\/\/www.cdlpv.org\/dtl\/wp-json\/wp\/v2\/comments?post=1431"}],"version-history":[{"count":0,"href":"https:\/\/www.cdlpv.org\/dtl\/wp-json\/wp\/v2\/posts\/1431\/revisions"}],"wp:attachment":[{"href":"https:\/\/www.cdlpv.org\/dtl\/wp-json\/wp\/v2\/media?parent=1431"}],"wp:term":[{"taxonomy":"category","embeddable":true,"href":"https:\/\/www.cdlpv.org\/dtl\/wp-json\/wp\/v2\/categories?post=1431"},{"taxonomy":"post_tag","embeddable":true,"href":"https:\/\/www.cdlpv.org\/dtl\/wp-json\/wp\/v2\/tags?post=1431"}],"curies":[{"name":"wp","href":"https:\/\/api.w.org\/{rel}","templated":true}]}}