{"id":143,"date":"2007-08-02T12:22:54","date_gmt":"2007-08-02T11:22:54","guid":{"rendered":"http:\/\/www.cdlpv.org\/dtl\/?p=143"},"modified":"2007-08-02T12:22:54","modified_gmt":"2007-08-02T11:22:54","slug":"es-notori-que-font-de-mora-trau-poc-la-llengua-en-valencia","status":"publish","type":"post","link":"https:\/\/www.cdlpv.org\/dtl\/2007\/08\/02\/es-notori-que-font-de-mora-trau-poc-la-llengua-en-valencia\/","title":{"rendered":"\u00c9s notori que Font de Mora trau poc la llengua en valenci\u00e0"},"content":{"rendered":"<p><img decoding=\"async\" id=\"image144\" src=\"http:\/\/www.cdlpv.org\/dtl\/wp-content\/gpons-fonttrauenlallengua.miniatura.jpg\" alt=\"gpons-fonttrauenlallengua.jpg\" align=\"right\" \/>M\u00e9s valencians que mai, segons el conseller Font de Mora Tur\u00f3n. \u00c9s a dir, quan la qualitat es troba en un gener\u00f3s \u00abnecessita millorar\u00bb &mdash;d&#8217;acord amb els indicadors publicats&mdash;, el conseller nom\u00e9s t\u00e9 un recurs a m\u00e0: la quantitat bruta, sense matisacions.<\/p>\n<p>\u00c9s a dir, 165.000 alumnes, diu, que tenen la intenci\u00f3 de poder estudiar en valenci\u00e0 si la Generalitat els posa professorat capacitat en eixa llengua &mdash;que fins i tot seria un \u00e8xit mai vist!&mdash;. En canvi, sembla que no t\u00e9 res a valorar sobre el fet que hi haja 557.000 alumnes que no estudien en valenci\u00e0. Tampoc no valora el fet que el 60&nbsp;% de l&#8217;alumnat de prim\u00e0ria que estudia en valenci\u00e0 no ho puga fer en la secund\u00e0ria. Per tant, qu\u00e8 \u00e9s realment notori en les paraules de Font de Mora Tur\u00f3n. Ell tamb\u00e9 ho sap.<\/p>\n<p>Encara estem esperant el cinema doblat (o subtitulat) en valenci\u00e0 (en el cine i en els <span class=\"versaleta\">dvd<\/span>), estem esperant que el requisit ling\u00fc\u00edstic espanyol siga complementat pel valenci\u00e0 en l&#8217;administraci\u00f3 p\u00fablica, encara esperem, al cap de m\u00e9s de vint anys, que l&#8217;ensenyament de les lleng\u00fces oficials arribe de manera indiscriminada a tots els estudiants valencians, que la just\u00edcia o hisenda o la Copa de l&#8217;<em>America<\/em> funcionen tamb\u00e9 &mdash;i normalment&mdash; en valenci\u00e0&#8230;<\/p>\n<p>Naturalment, que ning\u00fa no gose comprovar qu\u00e8 \u00e9s tan notori per a Font de Mora Tur\u00f3n, perqu\u00e8 potser el retindran en una comissaria per voler fer una den\u00fancia en valenci\u00e0, potser en un ajuntament no li donaran la llic\u00e8ncia d&#8217;obres en valenci\u00e0, potser els serveis d&#8217;atenci\u00f3 directa amb el p\u00fablic et pengen el tel\u00e8fon si vols que t&#8217;atenguen en valenci\u00e0. \u00c9s clar, \u00e9s notori que Font de Mora no fa \u00fas del valenci\u00e0 en la seua vida quotidiana, per\u00f2 el que \u00e9s de tindre poca vergonya \u00e9s que pretenga conv\u00e9ncer-mos &mdash;a nosaltres, els apatxes&mdash; que el sol ix per ponent!<\/p>\n<p>La not\u00edcia, segons la publica Vilaweb (<a href=\"http:\/\/www.vilaweb.cat\/www\/ep\/noticia?noticia=2500528\" target=\"_blank\">31.07.2007<\/a>):<\/p>\n<blockquote>\n<h2>Educaci\u00f3 repartir\u00e0 als taxis de la Comunitat 5.000 caixes amb material per a difondre l&#8217;\u00fas social del valenci\u00e0<\/h2>\n<h3>Font de Mora recalca que Pol\u00edtica Ling\u00fc\u00edstica est\u00e0 \u00abal nivell d&#8217;una secretaria auton\u00f2mica\u00bb perqu\u00e8 \u00e9s \u00abimportant per al Govern\u00bb<\/h3>\n<h5>VAL\u00c8NCIA, 31.07.2007 (EUROPA PRESS)<\/h5>\n<p>La Conselleria d&#8217;Educaci\u00f3 ha posat en marxa la campanya \u00abAl Taxi en valenci\u00e0, naturalment\u00bb, a trav\u00e9s de la qual es distribuiran entre els taxistes de la Comunitat un total de 5.000 caixes amb material per a difondre l&#8217;\u00fas social del valenci\u00e0 en este transport p\u00fablic.<\/p>\n<p>El programa ha sigut presentat hui en roda de premsa pel conseller d&#8217;Educaci\u00f3, Alejandro Font de Mora, i la secret\u00e0ria auton\u00f2mica del ram, Concha G\u00f3mez, que han estat acompanyats pels representants dels col\u00b7lectius professionals que s&#8217;han adherit al projecte, la Federaci\u00f3 Sindical del Taxi, l&#8217;Associaci\u00f3 Gremial del Taxi i l&#8217;Associaci\u00f3 Empresarial de l&#8217;Auto-taxi.<\/p>\n<p>Amb \u00abAl Taxi en valenci\u00e0, naturalment\u00bb es repartir\u00e0 als conductors una s\u00e8rie de materials que consten d&#8217;una caixa en la qual s&#8217;inclou el t\u00edpic cartell que assenyala si el taxi est\u00e0 lliure o ocupat amb els termes en valenci\u00e0 i una s\u00e8rie d&#8217;adhesius sobre les bones pr\u00e0ctiques al vehicle redactats tamb\u00e9 en esta llengua. En una primera fase, es distribuiran 2.800 caixes fins a completar, en una segona etapa, la xifra de 5.000, ha detallat el conseller.<\/p>\n<p>Font de Mora ha dit que es tracta d&#8217;\u00abuna contribuci\u00f3 modesta per\u00f2 important perqu\u00e8 la nostra llengua puga ser present tamb\u00e9 en l&#8217;\u00e0mbit del transport\u00bb. Ha afegit que, de moment, no hi ha previstes m\u00e9s actuacions en este sector com cursos de valenci\u00e0 tot i que ha assegurat que la Conselleria \u00abest\u00e0 oberta a la col\u00b7laboraci\u00f3 amb les associacions per a treballar amb elles en les necessitats que plantegen\u00bb.<\/p>\n<p>El titular d&#8217;Educaci\u00f3 ha recordat a m\u00e9s que esta campanya s&#8217;unix a altres accions dutes a terme per la Generalitat per a facilitar la pres\u00e8ncia del valenci\u00e0 en les relacions quotidianes dels ciutadans. A trav\u00e9s de la campanya \u00ab&#8221;En valenci\u00e0, naturalment&#8221; s&#8217;han desenrotllat accions en els sectors d&#8217;hostaleria, establiments d&#8217;oci i t\u00e8xtils; s&#8217;ha facilitat a les autoescoles els manuals i test en valenci\u00e0 i s&#8217;han format convenis amb el Registre de la Propietat\u00bb, ha enumerat.<\/p>\n<p>D&#8217;altra banda, Alejandro Font de Mora ha subratllat que la secret\u00e0ria auton\u00f2mica d&#8217;Educaci\u00f3, Concha G\u00f3mez, \u00e9s \u00abqui t\u00e9 les compet\u00e8ncies en mat\u00e8ria de pol\u00edtica ling\u00fc\u00edstica\u00bb i ha recalcat que \u00abper a este Govern, la pol\u00edtica ling\u00fc\u00edstica continua i sempre ser\u00e0 important\u00bb i per esta ra\u00f3 \u00abest\u00e0 a nivell d&#8217;una Secretaria Auton\u00f2mica\u00bb. La \u00abresponsable directa\u00bb d&#8217;este tema \u00ab\u00e9s una secret\u00e0ria auton\u00f2mica\u00bb, ha insistit.<\/p>\n<p>Interrogat pel fet que l&#8217;\u00e0rea de pol\u00edtica ling\u00fc\u00edstica haja desaparegut de la denominaci\u00f3 oficial d&#8217;este departament, el conseller ha declarat que \u00abhem de considerar el valenci\u00e0 com a una cosa normal entre nosaltres i no ha d&#8217;haver cap tipus de reserva administrativa com si f\u00f3ra all\u00f2 dels apatxes que eixia en els westerns antics\u00bb. \u00abEducaci\u00f3 \u00e9s educaci\u00f3 i pol\u00edtica ling\u00fc\u00edstica perqu\u00e8 a la nostra Comunitat les dos s\u00f3n una mateixa cosa\u00bb, ha afirmat.<\/p>\n<p>Segons l&#8217;opini\u00f3 de Font de Mora, el valenci\u00e0 es troba \u00aben una situaci\u00f3 bona\u00bb i ha destacat que \u00abel seu prestigi pel seu \u00fas en les institucions p\u00fabliques s&#8217;ha vist incrementat d&#8217;una manera not\u00f2ria\u00bb.<\/p>\n<p><strong>SENSE IMPOSICIONS<\/strong><\/p>\n<p>Tot i aix\u00f2, ha reconegut que ara el principal \u00abrepte\u00bb \u00e9s \u00abexpandir tamb\u00e9 el valenci\u00e0 als nouvinguts que venen a la nostra terra\u00bb. \u00abSom un mili\u00f3 m\u00e9s de valencians en els \u00faltims 10 anys i es tracta que tota la gent que vinga ac\u00ed visca la pres\u00e8ncia del valenci\u00e0 per\u00f2, no com fan a altres territoris, nosaltres ho fem naturalment, sense imposicions\u00bb, ha postil\u00b7lat.<\/p>\n<p>Preguntat tamb\u00e9 per l&#8217;estancament de l&#8217;\u00fas social del valenci\u00e0 que reflectixen enquestes com les de l&#8217;Acad\u00e8mia Valenciana de la Llengua (AVL), el conseller ha comentat que \u00abhi ha comarques que per la seua escassetat de poblaci\u00f3 s\u00f3n especialment sensibles als moviments migratoris i en elles es pot experimentar una disminuci\u00f3 perqu\u00e8 si hi ha una aportaci\u00f3 de gent que ve d&#8217;altres pa\u00efsos en els primers anys, l\u00f2gicament, la seua resposta \u00e9s que encara no coneixen el valenci\u00e0\u00bb.<\/p>\n<p>\u00abPer\u00f2 una de les conquistes m\u00e9s importants &mdash;ha prosseguit&mdash; ha sigut el fet que el valenci\u00e0 est\u00e0 present m\u00e9s que mai en el sistema educatiu\u00bb. Sobre esta q\u00fcesti\u00f3, ha recordat que actualment \u00abhi ha m\u00e9s 165.000 alumnes que cursen els seus estudis completament en valenci\u00e0, el que suposa una realitat social molt important\u00bb. <\/p><\/blockquote>\n","protected":false},"excerpt":{"rendered":"<p>M\u00e9s valencians que mai, segons el conseller Font de Mora Tur\u00f3n. \u00c9s a dir, quan la qualitat es troba en un gener\u00f3s \u00abnecessita millorar\u00bb &mdash;d&#8217;acord amb els indicadors publicats&mdash;, el conseller nom\u00e9s t\u00e9 un recurs a m\u00e0: la quantitat bruta, sense matisacions. \u00c9s a dir, 165.000 alumnes, diu, que tenen la intenci\u00f3 de poder estudiar [&hellip;]<\/p>\n","protected":false},"author":2,"featured_media":0,"comment_status":"open","ping_status":"open","sticky":false,"template":"","format":"standard","meta":{"footnotes":""},"categories":[1],"tags":[],"class_list":["post-143","post","type-post","status-publish","format-standard","hentry","category-general"],"_links":{"self":[{"href":"https:\/\/www.cdlpv.org\/dtl\/wp-json\/wp\/v2\/posts\/143","targetHints":{"allow":["GET"]}}],"collection":[{"href":"https:\/\/www.cdlpv.org\/dtl\/wp-json\/wp\/v2\/posts"}],"about":[{"href":"https:\/\/www.cdlpv.org\/dtl\/wp-json\/wp\/v2\/types\/post"}],"author":[{"embeddable":true,"href":"https:\/\/www.cdlpv.org\/dtl\/wp-json\/wp\/v2\/users\/2"}],"replies":[{"embeddable":true,"href":"https:\/\/www.cdlpv.org\/dtl\/wp-json\/wp\/v2\/comments?post=143"}],"version-history":[{"count":0,"href":"https:\/\/www.cdlpv.org\/dtl\/wp-json\/wp\/v2\/posts\/143\/revisions"}],"wp:attachment":[{"href":"https:\/\/www.cdlpv.org\/dtl\/wp-json\/wp\/v2\/media?parent=143"}],"wp:term":[{"taxonomy":"category","embeddable":true,"href":"https:\/\/www.cdlpv.org\/dtl\/wp-json\/wp\/v2\/categories?post=143"},{"taxonomy":"post_tag","embeddable":true,"href":"https:\/\/www.cdlpv.org\/dtl\/wp-json\/wp\/v2\/tags?post=143"}],"curies":[{"name":"wp","href":"https:\/\/api.w.org\/{rel}","templated":true}]}}