{"id":1423,"date":"2010-01-12T10:16:35","date_gmt":"2010-01-12T09:16:35","guid":{"rendered":"http:\/\/www.cdlpv.org\/dtl\/?p=1423"},"modified":"2010-01-12T10:16:35","modified_gmt":"2010-01-12T09:16:35","slug":"presentacio-dun-vocabulari-de-dret","status":"publish","type":"post","link":"https:\/\/www.cdlpv.org\/dtl\/2010\/01\/12\/presentacio-dun-vocabulari-de-dret\/","title":{"rendered":"Presentaci\u00f3 d&#8217;un vocabulari de dret"},"content":{"rendered":"<p>Ferran Isabel ens envia a trav\u00e9s d&#8217;Infoz\u00e8fir la informaci\u00f3 seg\u00fcent:<\/p>\n<blockquote>\n<h2>Les lleng\u00fces oficials al m\u00f3n de la just\u00edcia i el dret<\/h2>\n<p>Presentaci\u00f3 del <em>Vocabulari de dret<\/em> (coedici\u00f3 del Servei de Pol\u00edtica Ling\u00fc\u00edstica de la Universitat de Val\u00e8ncia i la Universitat de Barcelona)<\/p>\n<p>Dijous, 14 de gener, a les 19.30 h<br \/>\nF\u00f2rum de Debats. Lloc: Aula Magna. Entrada gratu\u00efta, aforament limitat.<\/p>\n<p>Amb la intervenci\u00f3 de:<br \/>\n\u2014Ximo Bosch (jutge; portaveu de Jueces para la Democracia al Pa\u00eds Valenci\u00e0)<br \/>\n\u2014Enric Sol\u00e0 (registrador de la propietat)<br \/>\n\u2014Merc\u00e8 Teodoro (advocada)<br \/>\n\u2014Salvador Montesinos (deg\u00e0 Facultat de Dret. Universitat de Val\u00e8ncia)<br \/>\n\u2014Antoni Llabr\u00e9s (Universitat de Val\u00e8ncia. Coautor del vocabulari)<br \/>\n\u2014Eva Pons (coautora del llibre)<\/p>\n<p><strong>Presenta:<br \/>\n<\/strong>Josep-Vicent Boira (director del Servei de Pol\u00edtica Ling\u00fc\u00edstica. Universitat de Val\u00e8ncia).<\/p>\n<p><strong>Font:<\/strong> Alfons Esteve (Servei de Pol\u00edtica Ling\u00fc\u00edstica de la Universitat de Val\u00e8ncia)<br \/>\nM\u00e9s informaci\u00f3: <a href=\"http:\/\/breu.bulmalug.net\/?l10755\" target=\"_blank\"><em>http:\/\/breu.bulmalug.net\/?l10755<\/em><\/a>\n<\/p><\/blockquote>\n","protected":false},"excerpt":{"rendered":"<p>Ferran Isabel ens envia a trav\u00e9s d&#8217;Infoz\u00e8fir la informaci\u00f3 seg\u00fcent: Les lleng\u00fces oficials al m\u00f3n de la just\u00edcia i el dret Presentaci\u00f3 del Vocabulari de dret (coedici\u00f3 del Servei de Pol\u00edtica Ling\u00fc\u00edstica de la Universitat de Val\u00e8ncia i la Universitat de Barcelona) Dijous, 14 de gener, a les 19.30 h F\u00f2rum de Debats. Lloc: Aula [&hellip;]<\/p>\n","protected":false},"author":2,"featured_media":0,"comment_status":"open","ping_status":"open","sticky":false,"template":"","format":"standard","meta":{"footnotes":""},"categories":[4,1,30],"tags":[514],"class_list":["post-1423","post","type-post","status-publish","format-standard","hentry","category-dret","category-general","category-terminologia","tag-vocabularis"],"_links":{"self":[{"href":"https:\/\/www.cdlpv.org\/dtl\/wp-json\/wp\/v2\/posts\/1423","targetHints":{"allow":["GET"]}}],"collection":[{"href":"https:\/\/www.cdlpv.org\/dtl\/wp-json\/wp\/v2\/posts"}],"about":[{"href":"https:\/\/www.cdlpv.org\/dtl\/wp-json\/wp\/v2\/types\/post"}],"author":[{"embeddable":true,"href":"https:\/\/www.cdlpv.org\/dtl\/wp-json\/wp\/v2\/users\/2"}],"replies":[{"embeddable":true,"href":"https:\/\/www.cdlpv.org\/dtl\/wp-json\/wp\/v2\/comments?post=1423"}],"version-history":[{"count":0,"href":"https:\/\/www.cdlpv.org\/dtl\/wp-json\/wp\/v2\/posts\/1423\/revisions"}],"wp:attachment":[{"href":"https:\/\/www.cdlpv.org\/dtl\/wp-json\/wp\/v2\/media?parent=1423"}],"wp:term":[{"taxonomy":"category","embeddable":true,"href":"https:\/\/www.cdlpv.org\/dtl\/wp-json\/wp\/v2\/categories?post=1423"},{"taxonomy":"post_tag","embeddable":true,"href":"https:\/\/www.cdlpv.org\/dtl\/wp-json\/wp\/v2\/tags?post=1423"}],"curies":[{"name":"wp","href":"https:\/\/api.w.org\/{rel}","templated":true}]}}