{"id":1421,"date":"2010-01-11T13:38:06","date_gmt":"2010-01-11T12:38:06","guid":{"rendered":"http:\/\/www.cdlpv.org\/dtl\/?p=1421"},"modified":"2010-01-11T13:38:06","modified_gmt":"2010-01-11T12:38:06","slug":"la-tv3-bilateral","status":"publish","type":"post","link":"https:\/\/www.cdlpv.org\/dtl\/2010\/01\/11\/la-tv3-bilateral\/","title":{"rendered":"La TV3 bilateral"},"content":{"rendered":"<p>El diari <em>Avui<\/em> <a href=\"http:\/\/www.avui.cat\/cat\/notices\/2010\/01\/l_acord_bilateral_sera_suficient_perque_tv3_es_vegi_al_pais_valencia_83647.php\" target=\"_blank\">(11.01.2010)<\/a> ens informa sobre una possibilitat que s&#8217;obri:<\/p>\n<blockquote>\n<h2>L&#8217;acord bilateral ser\u00e0 suficient perqu\u00e8 <span class=\"versaleta\">tv3<\/span> es vegi al Pa\u00eds Valenci\u00e0<\/h2>\n<h3>La nova llei de l&#8217;audivisual elimina l&#8217;autoritzaci\u00f3 estatal per a la reciprocitat. <span class=\"versaleta\">erc<\/span> adverteix que encara podr\u00e0 entorpir el proc\u00e9s si no habilita l&#8217;espai radioel\u00e8ctric necessari<\/h3>\n<\/blockquote>\n<p>Un pas de pu\u00e7a, sens dubte.<\/p>\n","protected":false},"excerpt":{"rendered":"<p>El diari Avui (11.01.2010) ens informa sobre una possibilitat que s&#8217;obri: L&#8217;acord bilateral ser\u00e0 suficient perqu\u00e8 tv3 es vegi al Pa\u00eds Valenci\u00e0 La nova llei de l&#8217;audivisual elimina l&#8217;autoritzaci\u00f3 estatal per a la reciprocitat. erc adverteix que encara podr\u00e0 entorpir el proc\u00e9s si no habilita l&#8217;espai radioel\u00e8ctric necessari Un pas de pu\u00e7a, sens dubte.<\/p>\n","protected":false},"author":2,"featured_media":0,"comment_status":"open","ping_status":"open","sticky":false,"template":"","format":"standard","meta":{"footnotes":""},"categories":[2,1,19,34],"tags":[100,465],"class_list":["post-1421","post","type-post","status-publish","format-standard","hentry","category-comunicacio","category-general","category-politica","category-tv3","tag-censura","tag-televisio"],"_links":{"self":[{"href":"https:\/\/www.cdlpv.org\/dtl\/wp-json\/wp\/v2\/posts\/1421","targetHints":{"allow":["GET"]}}],"collection":[{"href":"https:\/\/www.cdlpv.org\/dtl\/wp-json\/wp\/v2\/posts"}],"about":[{"href":"https:\/\/www.cdlpv.org\/dtl\/wp-json\/wp\/v2\/types\/post"}],"author":[{"embeddable":true,"href":"https:\/\/www.cdlpv.org\/dtl\/wp-json\/wp\/v2\/users\/2"}],"replies":[{"embeddable":true,"href":"https:\/\/www.cdlpv.org\/dtl\/wp-json\/wp\/v2\/comments?post=1421"}],"version-history":[{"count":0,"href":"https:\/\/www.cdlpv.org\/dtl\/wp-json\/wp\/v2\/posts\/1421\/revisions"}],"wp:attachment":[{"href":"https:\/\/www.cdlpv.org\/dtl\/wp-json\/wp\/v2\/media?parent=1421"}],"wp:term":[{"taxonomy":"category","embeddable":true,"href":"https:\/\/www.cdlpv.org\/dtl\/wp-json\/wp\/v2\/categories?post=1421"},{"taxonomy":"post_tag","embeddable":true,"href":"https:\/\/www.cdlpv.org\/dtl\/wp-json\/wp\/v2\/tags?post=1421"}],"curies":[{"name":"wp","href":"https:\/\/api.w.org\/{rel}","templated":true}]}}