{"id":1419,"date":"2010-01-09T20:50:00","date_gmt":"2010-01-09T19:50:00","guid":{"rendered":"http:\/\/www.cdlpv.org\/dtl\/?p=1419"},"modified":"2010-01-09T20:50:00","modified_gmt":"2010-01-09T19:50:00","slug":"modernitzar-el-llenguatge-juridic","status":"publish","type":"post","link":"https:\/\/www.cdlpv.org\/dtl\/2010\/01\/09\/modernitzar-el-llenguatge-juridic\/","title":{"rendered":"Modernitzar el llenguatge jur\u00eddic"},"content":{"rendered":"<p>El butllet\u00ed <em>Noticias Jur\u00eddicas<\/em> <a href=\"http:\/\/noticias.juridicas.com\/actual\/veractual.php?id=1508\" target=\"_blank\">(n\u00fam. 490)<\/a> ens informa d&#8217;una iniciativa ministerial  per a modernitzar el llenguatge jur\u00eddic:<\/p>\n<blockquote>\n<h2>El Ministeri de Just\u00edcia constitu\u00efx una comissi\u00f3 de huit experts per a modernitzar el llenguatge jur\u00eddic<\/h2>\n<p>El comprom\u00eds del govern amb la modernitzaci\u00f3 del llenguatge jur\u00eddic arranca amb el Pla de Transpar\u00e8ncia Judicial, per acord del Consell de Ministres de 21 d&#8217;octubre de 2005, a fi d&#8217;arribar a l&#8217;objectiu de la Carta de drets dels ciutadans davant la Just\u00edcia. Este comprom\u00eds i esfor\u00e7 del govern es va multiplicar recentment amb l&#8217;aprovaci\u00f3 del Pla estrat\u00e8gic per a la modernitzaci\u00f3 de la just\u00edcia, en qu\u00e8 es preveu la creaci\u00f3 d&#8217;aquesta comissi\u00f3 d&#8217;experts que posar\u00e0 les bases perqu\u00e8 el car\u00e0cter t\u00e8cnic i espec\u00edfic del llenguatge jur\u00eddic no estiga renyit amb la seua transmissi\u00f3 de forma clara i accessible al ciutad\u00e0.<\/p>\n[&#8230;]\n<\/p><\/blockquote>\n<p>Sospitem que es tracta nom\u00e9s (i per fi) del llenguatge jur\u00eddic en castell\u00e0.<\/p>\n","protected":false},"excerpt":{"rendered":"<p>El butllet\u00ed Noticias Jur\u00eddicas (n\u00fam. 490) ens informa d&#8217;una iniciativa ministerial per a modernitzar el llenguatge jur\u00eddic: El Ministeri de Just\u00edcia constitu\u00efx una comissi\u00f3 de huit experts per a modernitzar el llenguatge jur\u00eddic El comprom\u00eds del govern amb la modernitzaci\u00f3 del llenguatge jur\u00eddic arranca amb el Pla de Transpar\u00e8ncia Judicial, per acord del Consell de [&hellip;]<\/p>\n","protected":false},"author":2,"featured_media":0,"comment_status":"open","ping_status":"open","sticky":false,"template":"","format":"standard","meta":{"footnotes":""},"categories":[41,4,1],"tags":[260],"class_list":["post-1419","post","type-post","status-publish","format-standard","hentry","category-castella","category-dret","category-general","tag-juridic"],"_links":{"self":[{"href":"https:\/\/www.cdlpv.org\/dtl\/wp-json\/wp\/v2\/posts\/1419","targetHints":{"allow":["GET"]}}],"collection":[{"href":"https:\/\/www.cdlpv.org\/dtl\/wp-json\/wp\/v2\/posts"}],"about":[{"href":"https:\/\/www.cdlpv.org\/dtl\/wp-json\/wp\/v2\/types\/post"}],"author":[{"embeddable":true,"href":"https:\/\/www.cdlpv.org\/dtl\/wp-json\/wp\/v2\/users\/2"}],"replies":[{"embeddable":true,"href":"https:\/\/www.cdlpv.org\/dtl\/wp-json\/wp\/v2\/comments?post=1419"}],"version-history":[{"count":0,"href":"https:\/\/www.cdlpv.org\/dtl\/wp-json\/wp\/v2\/posts\/1419\/revisions"}],"wp:attachment":[{"href":"https:\/\/www.cdlpv.org\/dtl\/wp-json\/wp\/v2\/media?parent=1419"}],"wp:term":[{"taxonomy":"category","embeddable":true,"href":"https:\/\/www.cdlpv.org\/dtl\/wp-json\/wp\/v2\/categories?post=1419"},{"taxonomy":"post_tag","embeddable":true,"href":"https:\/\/www.cdlpv.org\/dtl\/wp-json\/wp\/v2\/tags?post=1419"}],"curies":[{"name":"wp","href":"https:\/\/api.w.org\/{rel}","templated":true}]}}