{"id":1412,"date":"2009-12-31T18:55:07","date_gmt":"2009-12-31T17:55:07","guid":{"rendered":"http:\/\/www.cdlpv.org\/dtl\/?p=1412"},"modified":"2009-12-31T18:55:07","modified_gmt":"2009-12-31T17:55:07","slug":"la-llengua-de-lecola-a-galicia","status":"publish","type":"post","link":"https:\/\/www.cdlpv.org\/dtl\/2009\/12\/31\/la-llengua-de-lecola-a-galicia\/","title":{"rendered":"La llengua de l&#8217;escola a Gal\u00edcia"},"content":{"rendered":"<p>Al mes d&#8217;octubre passat <em>Avui<\/em> <a href=\"http:\/\/www.avui.cat\/cat\/notices\/2009\/10\/milers_de_persones_es_manifesten_a_santiago_de_compostel_la_pel_dret_a_viure_en_gallec_75132.php\" target=\"_blank\">(18.10.2009)<\/a>:<\/p>\n<blockquote>\n<h2>Milers de persones es manifesten a Santiago de Compostel\u00b7la pel \u00abdret a viure en gallec\u00bb<\/h2>\n<p>Protesten contra la pol\u00edtica ling\u00fc\u00edstica del govern de Nu\u00f1ez Feij\u00f3o, que derogar\u00e0 el decret del gallec a l&#8217;ensenyament i suprimeix el coneixement de la llengua en l&#8217;acc\u00e9s a l&#8217;administraci\u00f3 p\u00fablica i les ajudes a la traducci\u00f3 dels llibres en gallec\n<\/p><\/blockquote>\n<p>Segons informa el diari <em>El Pa\u00eds<\/em> <a href=\"http:\/\/www.elpais.com\/articulo\/sociedad\/padres\/gallegos\/votaran\/idioma\/escolarizan\/hijos\/elpepisoc\/20091229elpepisoc_3\/Tes\" target=\"_blank\">(29.12.2009)<\/a>:<\/p>\n<blockquote>\n<h2>Els pares gallecs votaran en quin idioma escolaritzen els seus fills<\/h2>\n<h3>Els alumnes d&#8217;infantil aprendran en la llengua que decidixca la majoria de l&#8217;aula<\/h3>\n<\/blockquote>\n<p>Encara no s&#8217;ha acabat l&#8217;inter\u00e9s pol\u00edtic per provocar una pol\u00e8mica ling\u00fc\u00edstica o altra. Les pol\u00e8miques, que sempre solen tindre el mateix objectiu declarat, opten habitualment per solucions contradict\u00f2ries respecte de la pol\u00e8mica anterior. Per sort, els pol\u00edtics promouen eixes pol\u00e8miques i eixos debats per tal de protegir els drets ling\u00fc\u00edstics dels ciutadans.<\/p>\n","protected":false},"excerpt":{"rendered":"<p>Al mes d&#8217;octubre passat Avui (18.10.2009): Milers de persones es manifesten a Santiago de Compostel\u00b7la pel \u00abdret a viure en gallec\u00bb Protesten contra la pol\u00edtica ling\u00fc\u00edstica del govern de Nu\u00f1ez Feij\u00f3o, que derogar\u00e0 el decret del gallec a l&#8217;ensenyament i suprimeix el coneixement de la llengua en l&#8217;acc\u00e9s a l&#8217;administraci\u00f3 p\u00fablica i les ajudes a [&hellip;]<\/p>\n","protected":false},"author":2,"featured_media":0,"comment_status":"open","ping_status":"open","sticky":false,"template":"","format":"standard","meta":{"footnotes":""},"categories":[45,1,47,20,27],"tags":[218],"class_list":["post-1412","post","type-post","status-publish","format-standard","hentry","category-ensenyament","category-general","category-planificacio","category-portugues-documentacio","category-sociolinguistica","tag-galicia"],"_links":{"self":[{"href":"https:\/\/www.cdlpv.org\/dtl\/wp-json\/wp\/v2\/posts\/1412","targetHints":{"allow":["GET"]}}],"collection":[{"href":"https:\/\/www.cdlpv.org\/dtl\/wp-json\/wp\/v2\/posts"}],"about":[{"href":"https:\/\/www.cdlpv.org\/dtl\/wp-json\/wp\/v2\/types\/post"}],"author":[{"embeddable":true,"href":"https:\/\/www.cdlpv.org\/dtl\/wp-json\/wp\/v2\/users\/2"}],"replies":[{"embeddable":true,"href":"https:\/\/www.cdlpv.org\/dtl\/wp-json\/wp\/v2\/comments?post=1412"}],"version-history":[{"count":0,"href":"https:\/\/www.cdlpv.org\/dtl\/wp-json\/wp\/v2\/posts\/1412\/revisions"}],"wp:attachment":[{"href":"https:\/\/www.cdlpv.org\/dtl\/wp-json\/wp\/v2\/media?parent=1412"}],"wp:term":[{"taxonomy":"category","embeddable":true,"href":"https:\/\/www.cdlpv.org\/dtl\/wp-json\/wp\/v2\/categories?post=1412"},{"taxonomy":"post_tag","embeddable":true,"href":"https:\/\/www.cdlpv.org\/dtl\/wp-json\/wp\/v2\/tags?post=1412"}],"curies":[{"name":"wp","href":"https:\/\/api.w.org\/{rel}","templated":true}]}}