{"id":1403,"date":"2009-12-18T14:07:10","date_gmt":"2009-12-18T13:07:10","guid":{"rendered":"http:\/\/www.cdlpv.org\/dtl\/?p=1403"},"modified":"2009-12-18T14:07:10","modified_gmt":"2009-12-18T13:07:10","slug":"el-tribunal-suprem-i-el-dret-linguistic","status":"publish","type":"post","link":"https:\/\/www.cdlpv.org\/dtl\/2009\/12\/18\/el-tribunal-suprem-i-el-dret-linguistic\/","title":{"rendered":"El Tribunal Suprem i el dret ling\u00fc\u00edstic"},"content":{"rendered":"<p>Xavier Rull ens fa arribar a trav\u00e9s d&#8217;Infoz\u00e8fir la informaci\u00f3 seg\u00fcent:<\/p>\n<blockquote>\n<h2>El Tribunal Suprem reconeix el dret de presentar un recurs nom\u00e9s en catal\u00e0<\/h2>\n<p>El Tribunal Suprem ha dictat una sent\u00e8ncia que reconeix el dret al sindicat <span class=\"versaleta\">cc&nbsp;oo<\/span> a presentar un recurs escrit nom\u00e9s en catal\u00e0.<\/p>\n<p>El 27 de juliol del 2009, <span class=\"versaleta\">cc&nbsp;oo<\/span> va presentar un recurs de cassaci\u00f3 en catal\u00e0 davant el Tribunal Suprem sense acompanyar escrit en castell\u00e0. Davant d&#8217;aquest fet, el Tribunal Suprem va dictar una dilig\u00e8ncia en la qual es donaven deu dies per presentar el recurs en castell\u00e0. Davant d&#8217;aquest fet, <span class=\"versaleta\">cc&nbsp;oo<\/span> va presentar un recurs de reposici\u00f3 basat en infracci\u00f3 dels articles 33.5 LO 6\/2006 (19 de juliol), 231 LOPJ, 142 LECiv i 9 de la Carta Europea de les lleng\u00fces regionals o minorit\u00e0ries (ratificada per Espanya el 02.02.2001).<\/p>\n<p>Ara, la Sala Social del Tribunal Suprem ha donat la ra\u00f3 a <span class=\"versaleta\">cc&nbsp;oo<\/span> i ha acollit el recurs de reposici\u00f3 del sindicat disposant que el recurs de cassaci\u00f3 presentat per la Comissi\u00f3 Obrera Nacional de Catalunya seria tradu\u00eft al castell\u00e0 pel corresponent Servei de Traducci\u00f3 d&#8217;aquell tribunal, i posteriorment es procediria a continuar la tramitaci\u00f3 ordin\u00e0ria del recurs.<\/p>\n<p>Font: <a href=\"http:\/\/www.ccoo.cat\/aspnet\/noticia.aspx?id=117173\" target=\"_blank\">web<\/a> de <span class=\"versaleta\">cc&nbsp;oo<\/span> (16.12.2009)\n<\/p><\/blockquote>\n","protected":false},"excerpt":{"rendered":"<p>Xavier Rull ens fa arribar a trav\u00e9s d&#8217;Infoz\u00e8fir la informaci\u00f3 seg\u00fcent: El Tribunal Suprem reconeix el dret de presentar un recurs nom\u00e9s en catal\u00e0 El Tribunal Suprem ha dictat una sent\u00e8ncia que reconeix el dret al sindicat cc&nbsp;oo a presentar un recurs escrit nom\u00e9s en catal\u00e0. El 27 de juliol del 2009, cc&nbsp;oo va presentar [&hellip;]<\/p>\n","protected":false},"author":2,"featured_media":0,"comment_status":"open","ping_status":"open","sticky":false,"template":"","format":"standard","meta":{"footnotes":""},"categories":[4,1,14,26],"tags":[376,484],"class_list":["post-1403","post","type-post","status-publish","format-standard","hentry","category-dret","category-general","category-jurisprudencia","category-serveis-linguistics","tag-politica-linguistica","tag-ts"],"_links":{"self":[{"href":"https:\/\/www.cdlpv.org\/dtl\/wp-json\/wp\/v2\/posts\/1403","targetHints":{"allow":["GET"]}}],"collection":[{"href":"https:\/\/www.cdlpv.org\/dtl\/wp-json\/wp\/v2\/posts"}],"about":[{"href":"https:\/\/www.cdlpv.org\/dtl\/wp-json\/wp\/v2\/types\/post"}],"author":[{"embeddable":true,"href":"https:\/\/www.cdlpv.org\/dtl\/wp-json\/wp\/v2\/users\/2"}],"replies":[{"embeddable":true,"href":"https:\/\/www.cdlpv.org\/dtl\/wp-json\/wp\/v2\/comments?post=1403"}],"version-history":[{"count":0,"href":"https:\/\/www.cdlpv.org\/dtl\/wp-json\/wp\/v2\/posts\/1403\/revisions"}],"wp:attachment":[{"href":"https:\/\/www.cdlpv.org\/dtl\/wp-json\/wp\/v2\/media?parent=1403"}],"wp:term":[{"taxonomy":"category","embeddable":true,"href":"https:\/\/www.cdlpv.org\/dtl\/wp-json\/wp\/v2\/categories?post=1403"},{"taxonomy":"post_tag","embeddable":true,"href":"https:\/\/www.cdlpv.org\/dtl\/wp-json\/wp\/v2\/tags?post=1403"}],"curies":[{"name":"wp","href":"https:\/\/api.w.org\/{rel}","templated":true}]}}