{"id":140,"date":"2007-07-30T09:18:39","date_gmt":"2007-07-30T08:18:39","guid":{"rendered":"http:\/\/www.cdlpv.org\/dtl\/?p=140"},"modified":"2007-07-30T09:18:39","modified_gmt":"2007-07-30T08:18:39","slug":"publicat-al-boe-el-decret-daprovacio-del-consell-de-les-llengues-oficials","status":"publish","type":"post","link":"https:\/\/www.cdlpv.org\/dtl\/2007\/07\/30\/publicat-al-boe-el-decret-daprovacio-del-consell-de-les-llengues-oficials\/","title":{"rendered":"Publicat al BOE el decret d&#8217;aprovaci\u00f3 del Consell de les Lleng\u00fces Oficials."},"content":{"rendered":"<p>Despr\u00e9s de ser aprovat en el Consell de Ministres del 6 de juliol, el passat dia 19 va apar\u00e8ixer publicat el Reial decret 905\/2007, de 6 de juliol, pel qual es creen el Consell de les Lleng\u00fces Oficials en l&#8217;Administraci\u00f3 General de l&#8217;Estat i l&#8217;Oficina per a les Lleng\u00fces Oficials.<\/p>\n<p>Ac\u00ed en teniu l&#8217;enlla\u00e7: <a href=\"http:\/\/www.boe.es\/boe\/dias\/2007\/07\/19\/pdfs\/A31373-31375.pdf\">http:\/\/www.boe.es\/boe\/dias\/2007\/07\/19\/pdfs\/A31373-31375.pdf<\/a><\/p>\n","protected":false},"excerpt":{"rendered":"<p>Despr\u00e9s de ser aprovat en el Consell de Ministres del 6 de juliol, el passat dia 19 va apar\u00e8ixer publicat el Reial decret 905\/2007, de 6 de juliol, pel qual es creen el Consell de les Lleng\u00fces Oficials en l&#8217;Administraci\u00f3 General de l&#8217;Estat i l&#8217;Oficina per a les Lleng\u00fces Oficials. Ac\u00ed en teniu l&#8217;enlla\u00e7: http:\/\/www.boe.es\/boe\/dias\/2007\/07\/19\/pdfs\/A31373-31375.pdf<\/p>\n","protected":false},"author":5,"featured_media":0,"comment_status":"open","ping_status":"open","sticky":false,"template":"","format":"standard","meta":{"footnotes":""},"categories":[4,1,17,47,19],"tags":[],"class_list":["post-140","post","type-post","status-publish","format-standard","hentry","category-dret","category-general","category-normativa","category-planificacio","category-politica"],"_links":{"self":[{"href":"https:\/\/www.cdlpv.org\/dtl\/wp-json\/wp\/v2\/posts\/140","targetHints":{"allow":["GET"]}}],"collection":[{"href":"https:\/\/www.cdlpv.org\/dtl\/wp-json\/wp\/v2\/posts"}],"about":[{"href":"https:\/\/www.cdlpv.org\/dtl\/wp-json\/wp\/v2\/types\/post"}],"author":[{"embeddable":true,"href":"https:\/\/www.cdlpv.org\/dtl\/wp-json\/wp\/v2\/users\/5"}],"replies":[{"embeddable":true,"href":"https:\/\/www.cdlpv.org\/dtl\/wp-json\/wp\/v2\/comments?post=140"}],"version-history":[{"count":0,"href":"https:\/\/www.cdlpv.org\/dtl\/wp-json\/wp\/v2\/posts\/140\/revisions"}],"wp:attachment":[{"href":"https:\/\/www.cdlpv.org\/dtl\/wp-json\/wp\/v2\/media?parent=140"}],"wp:term":[{"taxonomy":"category","embeddable":true,"href":"https:\/\/www.cdlpv.org\/dtl\/wp-json\/wp\/v2\/categories?post=140"},{"taxonomy":"post_tag","embeddable":true,"href":"https:\/\/www.cdlpv.org\/dtl\/wp-json\/wp\/v2\/tags?post=140"}],"curies":[{"name":"wp","href":"https:\/\/api.w.org\/{rel}","templated":true}]}}