{"id":14,"date":"2006-11-05T13:43:41","date_gmt":"2006-11-05T11:43:41","guid":{"rendered":"http:\/\/www.cdlpv.org\/dtl\/?p=14"},"modified":"2006-11-05T13:43:41","modified_gmt":"2006-11-05T11:43:41","slug":"censura-i-autocensura-2","status":"publish","type":"post","link":"https:\/\/www.cdlpv.org\/dtl\/2006\/11\/05\/censura-i-autocensura-2\/","title":{"rendered":"Censura i autocensura (2)"},"content":{"rendered":"<p>Llavors, despr\u00e9s de llegir l&#8217;article anterior, hi vaig trobar un aspecte desconcertant i vaig enviar a Migjorn l&#8217;escrit que seguix:<\/p>\n<blockquote>\n<p>\nM&#8217;ha sobtat una frase de l&#8217;article d&#8217;Ester Pinter sobre la censura ling\u00fc\u00edstica en la revista <em>Lletres Valencianes<\/em> (<em>Avui<\/em>, 01.11.2006): \u00abEls excol\u00b7laboradors no culpen els correctors ni el director, Rafael Coloma, ni tampoc la nova coordinadora, \u00c0frica Ram\u00edrez, perqu\u00e8 &#8220;compleixen ordres&#8221;.\u00bb<\/p>\n<p>B\u00e9, si la frase respon a la realitat, la veritat \u00e9s que anem malament si la major part dels t\u00e8cnics que signen la den\u00fancia de censura es pensen que el suposat \u00abcompliment d&#8217;ordres\u00bb eximix els t\u00e8cnics de la seua responsabilitat.<\/p>\n<p>Precisament l&#8217;acceptaci\u00f3 d&#8217;eixe principi &#8211;l&#8217;acceptaci\u00f3 d&#8217;ordres leg\u00edtimes o no&#8211; \u00e9s el que permet des de les simples autocensures (en el DOGV o en <em>Lletres Valencianes<\/em>) com el desviament dels fons p\u00fablics cap a interessos privats en urbanisme o en cultura (i arribar\u00edem encara molt m\u00e9s lluny per este cam\u00ed).<\/p>\n<p>Una ordre no \u00e9s v\u00e0lida si no reunix una s\u00e8rie de requisits, i en el cas dels t\u00e8cnics ling\u00fc\u00edstics, la seua capacitat professional els hauria de fer distingir quines ordre s\u00f3n v\u00e0lides i quines no. Qu\u00e8 s\u00f3n ordres i qu\u00e8 s\u00f3n manies o intents d&#8217;imposici\u00f3 de persones sense atribucions en la mat\u00e8ria.<\/p>\n<p>De la mateixa manera que un cap mafi\u00f3s o un cap d&#8217;estat poden adduir que no han mort mai ning\u00fa, els actuals dirigents del PP (i els anteriors del PSOE) poden adduir que no han ordenat res de tot aix\u00f2, perqu\u00e8 ni deu constar per escrit ni calia.<\/p>\n<p>En el DOGV hi va haver la col\u00b7laboraci\u00f3 esfor\u00e7ada nom\u00e9s d&#8217;un o dos t\u00e8cnics. L&#8217;escrit que denuncia ara la censura no veu que est\u00e0 fent un mal favor a la professionalitat i l&#8217;\u00e8tica mostrada per la resta dels t\u00e8cnics del DOGV, si deixen entendre que totes les \u00abordres\u00bb s&#8217;han de complir inexcusablement i acr\u00edticament.<\/p>\n<p>N&#8217;hem parlat a bastament en anteriors ocasions, per\u00f2 encara tenim la professionalitat com un flasc\u00f3 de perfum, nom\u00e9s per a lluir en algunes ocasions.\n<\/p>\n<\/blockquote>\n","protected":false},"excerpt":{"rendered":"<p>Llavors, despr\u00e9s de llegir l&#8217;article anterior, hi vaig trobar un aspecte desconcertant i vaig enviar a Migjorn l&#8217;escrit que seguix: M&#8217;ha sobtat una frase de l&#8217;article d&#8217;Ester Pinter sobre la censura ling\u00fc\u00edstica en la revista Lletres Valencianes (Avui, 01.11.2006): \u00abEls excol\u00b7laboradors no culpen els correctors ni el director, Rafael Coloma, ni tampoc la nova coordinadora, [&hellip;]<\/p>\n","protected":false},"author":2,"featured_media":0,"comment_status":"open","ping_status":"open","sticky":false,"template":"","format":"standard","meta":{"footnotes":""},"categories":[4,1,15,47,19,31],"tags":[],"class_list":["post-14","post","type-post","status-publish","format-standard","hentry","category-dret","category-general","category-laboral","category-planificacio","category-politica","category-tmpl"],"_links":{"self":[{"href":"https:\/\/www.cdlpv.org\/dtl\/wp-json\/wp\/v2\/posts\/14","targetHints":{"allow":["GET"]}}],"collection":[{"href":"https:\/\/www.cdlpv.org\/dtl\/wp-json\/wp\/v2\/posts"}],"about":[{"href":"https:\/\/www.cdlpv.org\/dtl\/wp-json\/wp\/v2\/types\/post"}],"author":[{"embeddable":true,"href":"https:\/\/www.cdlpv.org\/dtl\/wp-json\/wp\/v2\/users\/2"}],"replies":[{"embeddable":true,"href":"https:\/\/www.cdlpv.org\/dtl\/wp-json\/wp\/v2\/comments?post=14"}],"version-history":[{"count":0,"href":"https:\/\/www.cdlpv.org\/dtl\/wp-json\/wp\/v2\/posts\/14\/revisions"}],"wp:attachment":[{"href":"https:\/\/www.cdlpv.org\/dtl\/wp-json\/wp\/v2\/media?parent=14"}],"wp:term":[{"taxonomy":"category","embeddable":true,"href":"https:\/\/www.cdlpv.org\/dtl\/wp-json\/wp\/v2\/categories?post=14"},{"taxonomy":"post_tag","embeddable":true,"href":"https:\/\/www.cdlpv.org\/dtl\/wp-json\/wp\/v2\/tags?post=14"}],"curies":[{"name":"wp","href":"https:\/\/api.w.org\/{rel}","templated":true}]}}