{"id":1397,"date":"2009-12-17T17:59:26","date_gmt":"2009-12-17T16:59:26","guid":{"rendered":"http:\/\/www.cdlpv.org\/dtl\/?p=1397"},"modified":"2009-12-17T17:59:26","modified_gmt":"2009-12-17T16:59:26","slug":"per-a-apreciar-millor-la-nova-gramatica-espanyola-de-la-rae","status":"publish","type":"post","link":"https:\/\/www.cdlpv.org\/dtl\/2009\/12\/17\/per-a-apreciar-millor-la-nova-gramatica-espanyola-de-la-rae\/","title":{"rendered":"Per a apreciar millor la nova gram\u00e0tica espanyola de la RAE"},"content":{"rendered":"<p>Davant l&#8217;aparici\u00f3 de la nova gram\u00e0tica del castell\u00e0 que ha elaborat la RAE, els t\u00e8cnics ling\u00fc\u00edstics aficionats a no deixar-se dur per les euf\u00f2ries nacionalistes en castell\u00e0 i amb un cert inter\u00e9s per contrastar la faena de l&#8217;acad\u00e8mia madrilenya amb altres dades, poden llegir en el bloc <a href=\"http:\/\/addendaetcorrigenda.blogia.com\/\" target=\"_blank\"><em>Addenda et Corrigenda<\/em><\/a> uns quants articles de S\u00edlvia Senz que completen el mosaic d&#8217;eixe idioma tan ample i inabastable:<\/p>\n<blockquote>\n<ul>\n<li><a href=\"http:\/\/addendaetcorrigenda.blogia.com\/2009\/120901-la-nueva-rae-un-espejismo-de-representatividad-neutralidad-ideologica-laboriosid.php\" target=\"_blank\">La nueva RAE<\/a>, un espejismo de representatividad, neutralidad ideol\u00f3gica, laboriosidad y modernidad, 7: la \u00abNueva gram\u00e1tica de la lengua espa\u00f1ola\u00bb entra en escena<\/li>\n<li><a href=\"http:\/\/addendaetcorrigenda.blogia.com\/2009\/121101-la-ngle-o-cuando-la-rae-quiere-estar-en-misa-y-repicando.php\" target=\"_blank\">La NGLE<\/a>, o cuando la RAE quiere estar en misa y repicando<\/li>\n<li><a href=\"http:\/\/addendaetcorrigenda.blogia.com\/2009\/121701-revilla-y-la-expansion-del-espanol-o-a-quien-beneficia-el-valor-economico-del-id.php\" target=\"_blank\">Revilla<\/a> y la expansi\u00f3n del espa\u00f1ol, o a qui\u00e9n beneficia el valor econ\u00f3mico del idioma<\/li>\n<\/ul>\n<\/blockquote>\n","protected":false},"excerpt":{"rendered":"<p>Davant l&#8217;aparici\u00f3 de la nova gram\u00e0tica del castell\u00e0 que ha elaborat la RAE, els t\u00e8cnics ling\u00fc\u00edstics aficionats a no deixar-se dur per les euf\u00f2ries nacionalistes en castell\u00e0 i amb un cert inter\u00e9s per contrastar la faena de l&#8217;acad\u00e8mia madrilenya amb altres dades, poden llegir en el bloc Addenda et Corrigenda uns quants articles de S\u00edlvia [&hellip;]<\/p>\n","protected":false},"author":2,"featured_media":0,"comment_status":"open","ping_status":"open","sticky":false,"template":"","format":"standard","meta":{"footnotes":""},"categories":[1,17],"tags":[91,227,399],"class_list":["post-1397","post","type-post","status-publish","format-standard","hentry","category-general","category-normativa","tag-castella","tag-gramatica","tag-rae"],"_links":{"self":[{"href":"https:\/\/www.cdlpv.org\/dtl\/wp-json\/wp\/v2\/posts\/1397","targetHints":{"allow":["GET"]}}],"collection":[{"href":"https:\/\/www.cdlpv.org\/dtl\/wp-json\/wp\/v2\/posts"}],"about":[{"href":"https:\/\/www.cdlpv.org\/dtl\/wp-json\/wp\/v2\/types\/post"}],"author":[{"embeddable":true,"href":"https:\/\/www.cdlpv.org\/dtl\/wp-json\/wp\/v2\/users\/2"}],"replies":[{"embeddable":true,"href":"https:\/\/www.cdlpv.org\/dtl\/wp-json\/wp\/v2\/comments?post=1397"}],"version-history":[{"count":0,"href":"https:\/\/www.cdlpv.org\/dtl\/wp-json\/wp\/v2\/posts\/1397\/revisions"}],"wp:attachment":[{"href":"https:\/\/www.cdlpv.org\/dtl\/wp-json\/wp\/v2\/media?parent=1397"}],"wp:term":[{"taxonomy":"category","embeddable":true,"href":"https:\/\/www.cdlpv.org\/dtl\/wp-json\/wp\/v2\/categories?post=1397"},{"taxonomy":"post_tag","embeddable":true,"href":"https:\/\/www.cdlpv.org\/dtl\/wp-json\/wp\/v2\/tags?post=1397"}],"curies":[{"name":"wp","href":"https:\/\/api.w.org\/{rel}","templated":true}]}}