{"id":1394,"date":"2009-12-17T17:26:45","date_gmt":"2009-12-17T16:26:45","guid":{"rendered":"http:\/\/www.cdlpv.org\/dtl\/?p=1394"},"modified":"2009-12-17T17:26:45","modified_gmt":"2009-12-17T16:26:45","slug":"oral-de-la-jqcv-i-ajudes-i-beques-de-lavl","status":"publish","type":"post","link":"https:\/\/www.cdlpv.org\/dtl\/2009\/12\/17\/oral-de-la-jqcv-i-ajudes-i-beques-de-lavl\/","title":{"rendered":"Oral de la JQCV i ajudes i beques de l&#8217;AVL"},"content":{"rendered":"<p>El <span class=\"versaleta\">cidaj<\/span> ens envia la informaci\u00f3 seg\u00fcent:<\/p>\n<blockquote>\n<ul>\n<li>Resoluci\u00f3 de 24 de novembre de 2009, de la presidenta de la Junta Qualificadora de Coneixements de Valenci\u00e0, per la qual es fa p\u00fablica la llista de resultats provisionals de la prova de coneixements orals de valenci\u00e0. [2009\/13755] (<span class=\"versaleta\">docv<\/span> n\u00fam. 6.164, de 14.12.2009)<br \/>\n<a href=\"http:\/\/www.pre.gva.es\/L\/BASIS\/BDLGVPU\/WEB\/LEV_LISTADOS_TEXTO\/DDW?W%3DSIGNATURA_N=13960+AND+SIGNATURA_A=2009%26R%3DN\" target=\"_blank\">&#8211; vegeu text<\/a><\/p>\n<li>Resoluci\u00f3 de 30 de novembre de 2009, de la Presid\u00e8ncia de l&#8217;Acad\u00e8mia Valenciana de la Llengua, per la qual es publica l&#8217;Acord de 27 de novembre de 2009, del Ple de l&#8217;Acad\u00e8mia Valenciana de la Llengua, pel qual es convoquen ajudes a la difusi\u00f3 i promoci\u00f3 del valenci\u00e0 en els centres valencians a l&#8217;exterior. [2009\/14296] (<span class=\"versaleta\">docv<\/span> n\u00fam. 6.164, de 14.12.2009)<br \/>\n<a href=\"http:\/\/www.pre.gva.es\/L\/BASIS\/BDLGVPU\/WEB\/LEV_LISTADOS_TEXTO\/DDW?W%3DSIGNATURA_N=13956+AND+SIGNATURA_A=2009%26R%3DN\" target=\"_blank\">&#8211; vegeu text<\/a><\/p>\n<li>Resoluci\u00f3 de 30 de novembre de 2009, de la Presid\u00e8ncia de l&#8217;Acad\u00e8mia Valenciana de la Llengua, per la qual es publica l&#8217;Acord de 27 de novembre de 2009, del Ple de l&#8217;Acad\u00e8mia Valenciana de la Llengua, pel qual es convoquen ajudes al foment de l&#8217;\u00fas del valenci\u00e0 en les emissores locals de r\u00e0dio i en les publicacions escrites de car\u00e0cter local o comarcal, o de tem\u00e0tica especialitzada. [2009\/14291] (<span class=\"versaleta\">docv<\/span> n\u00fam. 6.164, de 14.12.2009)<br \/>\n<a href=\"\" target=\"_blank\">&#8211; vegeu text<\/a><\/p>\n<li>Resoluci\u00f3 de 30 de novembre de 2009, de la Presid\u00e8ncia de l&#8217;Acad\u00e8mia Valenciana de la Llengua, per la qual es publica l&#8217;Acord de 27 de novembre de 2009, del Ple de l&#8217;Acad\u00e8mia Valenciana de la Llengua, pel qual es convoquen beques per a la realitzaci\u00f3 de pr\u00e0ctiques de formaci\u00f3 d&#8217;Inform\u00e0tica, de t\u00e8cnics en Lexicografia i Terminologia i de t\u00e8cnic en Onom\u00e0stica. [2009\/14312] (<span class=\"versaleta\">docv<\/span> n\u00fam. 6.164, de 14.12.2009)<br \/>\n<a href=\"http:\/\/www.pre.gva.es\/L\/BASIS\/BDLGVPU\/WEB\/LEV_LISTADOS_TEXTO\/DDW?W%3DSIGNATURA_N=13957+AND+SIGNATURA_A=2009%26R%3DN\" target=\"_blank\">&#8211; vegeu text<\/a>\n<\/ul>\n<\/blockquote>\n","protected":false},"excerpt":{"rendered":"<p>El cidaj ens envia la informaci\u00f3 seg\u00fcent: Resoluci\u00f3 de 24 de novembre de 2009, de la presidenta de la Junta Qualificadora de Coneixements de Valenci\u00e0, per la qual es fa p\u00fablica la llista de resultats provisionals de la prova de coneixements orals de valenci\u00e0. [2009\/13755] (docv n\u00fam. 6.164, de 14.12.2009) &#8211; vegeu text Resoluci\u00f3 de [&hellip;]<\/p>\n","protected":false},"author":2,"featured_media":0,"comment_status":"open","ping_status":"open","sticky":false,"template":"","format":"standard","meta":{"footnotes":""},"categories":[38,40,10,1,13,24],"tags":[75],"class_list":["post-1394","post","type-post","status-publish","format-standard","hentry","category-avl","category-beques-formacio","category-formacio","category-general","category-jqcv","category-requisit-linguistic","tag-beques"],"_links":{"self":[{"href":"https:\/\/www.cdlpv.org\/dtl\/wp-json\/wp\/v2\/posts\/1394","targetHints":{"allow":["GET"]}}],"collection":[{"href":"https:\/\/www.cdlpv.org\/dtl\/wp-json\/wp\/v2\/posts"}],"about":[{"href":"https:\/\/www.cdlpv.org\/dtl\/wp-json\/wp\/v2\/types\/post"}],"author":[{"embeddable":true,"href":"https:\/\/www.cdlpv.org\/dtl\/wp-json\/wp\/v2\/users\/2"}],"replies":[{"embeddable":true,"href":"https:\/\/www.cdlpv.org\/dtl\/wp-json\/wp\/v2\/comments?post=1394"}],"version-history":[{"count":0,"href":"https:\/\/www.cdlpv.org\/dtl\/wp-json\/wp\/v2\/posts\/1394\/revisions"}],"wp:attachment":[{"href":"https:\/\/www.cdlpv.org\/dtl\/wp-json\/wp\/v2\/media?parent=1394"}],"wp:term":[{"taxonomy":"category","embeddable":true,"href":"https:\/\/www.cdlpv.org\/dtl\/wp-json\/wp\/v2\/categories?post=1394"},{"taxonomy":"post_tag","embeddable":true,"href":"https:\/\/www.cdlpv.org\/dtl\/wp-json\/wp\/v2\/tags?post=1394"}],"curies":[{"name":"wp","href":"https:\/\/api.w.org\/{rel}","templated":true}]}}