{"id":1390,"date":"2009-12-10T18:01:37","date_gmt":"2009-12-10T17:01:37","guid":{"rendered":"http:\/\/www.cdlpv.org\/dtl\/?p=1390"},"modified":"2009-12-10T18:01:37","modified_gmt":"2009-12-10T17:01:37","slug":"demanda-dassessorament-linguistic","status":"publish","type":"post","link":"https:\/\/www.cdlpv.org\/dtl\/2009\/12\/10\/demanda-dassessorament-linguistic\/","title":{"rendered":"Demanda d&#8217;assessorament ling\u00fc\u00edstic"},"content":{"rendered":"<p>Magdalena Ramon ens envia a trav\u00e9s d&#8217;Infoz\u00e8fir la informaci\u00f3 seg\u00fcent:<\/p>\n<blockquote><p>\nSe cerca llicenciat en Filologia Catalana per fer feina d&#8217;assessor ling\u00fc\u00edstic a una productora de televisi\u00f3.<\/p>\n<p>Llicenciatura en Filologia Catalana. Llicenciatura en Humanitats amb el Nivell D de catal\u00e0. Professor\/a de catal\u00e0 amb un M\u00e0ster espec\u00edfic de correcci\u00f3 ling\u00fc\u00edstica. Experi\u00e8ncia en correcci\u00f3 ling\u00fc\u00edstica a r\u00e0dio i\/o televisi\u00f3<\/p>\n<p>Per a m\u00e9s informaci\u00f3: <a href=\"mailto:kika@novatelevisio.com\" target=\"_blank\">kika@novatelevisio.com<\/a>\n<\/p><\/blockquote>\n","protected":false},"excerpt":{"rendered":"<p>Magdalena Ramon ens envia a trav\u00e9s d&#8217;Infoz\u00e8fir la informaci\u00f3 seg\u00fcent: Se cerca llicenciat en Filologia Catalana per fer feina d&#8217;assessor ling\u00fc\u00edstic a una productora de televisi\u00f3. Llicenciatura en Filologia Catalana. Llicenciatura en Humanitats amb el Nivell D de catal\u00e0. Professor\/a de catal\u00e0 amb un M\u00e0ster espec\u00edfic de correcci\u00f3 ling\u00fc\u00edstica. Experi\u00e8ncia en correcci\u00f3 ling\u00fc\u00edstica a r\u00e0dio [&hellip;]<\/p>\n","protected":false},"author":2,"featured_media":0,"comment_status":"open","ping_status":"open","sticky":false,"template":"","format":"standard","meta":{"footnotes":""},"categories":[1,15],"tags":[67,465],"class_list":["post-1390","post","type-post","status-publish","format-standard","hentry","category-general","category-laboral","tag-assessorament","tag-televisio"],"_links":{"self":[{"href":"https:\/\/www.cdlpv.org\/dtl\/wp-json\/wp\/v2\/posts\/1390","targetHints":{"allow":["GET"]}}],"collection":[{"href":"https:\/\/www.cdlpv.org\/dtl\/wp-json\/wp\/v2\/posts"}],"about":[{"href":"https:\/\/www.cdlpv.org\/dtl\/wp-json\/wp\/v2\/types\/post"}],"author":[{"embeddable":true,"href":"https:\/\/www.cdlpv.org\/dtl\/wp-json\/wp\/v2\/users\/2"}],"replies":[{"embeddable":true,"href":"https:\/\/www.cdlpv.org\/dtl\/wp-json\/wp\/v2\/comments?post=1390"}],"version-history":[{"count":0,"href":"https:\/\/www.cdlpv.org\/dtl\/wp-json\/wp\/v2\/posts\/1390\/revisions"}],"wp:attachment":[{"href":"https:\/\/www.cdlpv.org\/dtl\/wp-json\/wp\/v2\/media?parent=1390"}],"wp:term":[{"taxonomy":"category","embeddable":true,"href":"https:\/\/www.cdlpv.org\/dtl\/wp-json\/wp\/v2\/categories?post=1390"},{"taxonomy":"post_tag","embeddable":true,"href":"https:\/\/www.cdlpv.org\/dtl\/wp-json\/wp\/v2\/tags?post=1390"}],"curies":[{"name":"wp","href":"https:\/\/api.w.org\/{rel}","templated":true}]}}