{"id":138,"date":"2007-07-25T13:00:16","date_gmt":"2007-07-25T12:00:16","guid":{"rendered":"http:\/\/www.cdlpv.org\/dtl\/?p=138"},"modified":"2007-07-25T13:00:16","modified_gmt":"2007-07-25T12:00:16","slug":"la-gestio-linguistica-transversal","status":"publish","type":"post","link":"https:\/\/www.cdlpv.org\/dtl\/2007\/07\/25\/la-gestio-linguistica-transversal\/","title":{"rendered":"La gesti\u00f3 ling\u00fc\u00edstica transversal"},"content":{"rendered":"<p>No fa massa ens assabent\u00e0vem a trav\u00e9s del diari <em>El Pa\u00eds<\/em> (30.06.2007) que \u00abEl valenci\u00e0 baixa un escal\u00f3 en el nou organigrama\u00bb, segons el periodista J. G. del M. Com que sabem que al Pa\u00eds Valenci\u00e0 aix\u00f2 va com va i no s\u00f3n els escalons el que importen, en general, no cal que ens acalorem m\u00e9s del compte, o del que tenim costum.<\/p>\n<p>En canvi, a les Illes Balears s\u00ed que hi ha un pacte de progr\u00e9s de partits amb un altre tarann\u00e0, suposadament, i potser l&#8217;article de Jaume Corbera (<em>Diari de Balears<\/em>, <a href=\"http:\/\/www.diaridebalears.com\/opinio.shtml?3231+6+186459\" target=\"_blank\">23.07.2007<\/a>) s\u00ed que ens pot ser m\u00e9s interessant, pel que t\u00e9 d&#8217;actualitat all\u00e0 i de futur (i record, incl\u00fas) ac\u00ed:<\/p>\n<blockquote>\n<h2>Responsabilitat col\u00b7lectiva<\/h2>\n<p>Quan el 1999 es va constituir el govern del Pacte de Progr\u00e9s, era la primera vegada en la nostra hist\u00f2ria que un govern aut\u00f2cton dedicava uns recursos humans i econ\u00f2mics a la promoci\u00f3 de la llengua catalana (deixant de banda l\u2019acci\u00f3 limitada d\u2019alguns consells insulars).<\/p>\n<p>Abans aix\u00f2 no havia succe\u00eft mai: fins al 1715, perqu\u00e8 la llengua catalana no necessitava promoci\u00f3 governamental, sent la llengua normal del govern i del pa\u00eds; despr\u00e9s de 1715 i fins a 1982, perqu\u00e8 no ten\u00edem govern aut\u00f2cton, i en canvi s\u00ed que hi havia un govern extern que ens controlava i destinava recursos per a marginar la llengua catalana; des de 1982, perqu\u00e8 el (mini) govern aut\u00f2cton sorgit de l\u2019Estatut d\u2019 (poca) Autonomia no s\u2019interessava gens per la llengua catalana i, encara que exist\u00eds una Llei de Normalitzaci\u00f3 Ling\u00fc\u00edstica des de 1986, no feia res per a promoure-la, tot i ser conscient de la persecuci\u00f3 a qu\u00e8 havia estat sotmesa.<\/p>\n<p>4 anys d\u2019esfor\u00e7os limitats per a redre\u00e7ar una situaci\u00f3 causada per 267 anys de patiment! Nom\u00e9s varen ser quatre anys, per\u00f2 l\u2019entusiame dels responsables de l\u2019\u00e0rea encarregada, amb en Joan Meli\u00e0 al capdavant, varen aconseguir recuperar una certa dignitat per a la nostra llengua i fer-la un poc m\u00e9s present dins la nostra societat, sense, per\u00f2, arribar a treure-la totalment de la marginalitat, sobretot a molts de barris urbans poblats de forasters i a urbanitzacions poblades d\u2019estrangers (i ja ens entenem, amb aquesta terminologia).<\/p>\n<p>Els quatre anys darrers han estat un retroc\u00e9s clar en aquesta q\u00fcesti\u00f3, amb una tornada al no-fer-res caracter\u00edstic de l\u2019anterior \u00e8poca popular, per molt que hi hagu\u00e9s un senyor que cobrava sota el pomp\u00f3s t\u00edtol de \u00abDirector General de Pol\u00edtica Ling\u00fc\u00edstica\u00bb&#8230;<\/p>\n<p>Ara se\u2019ns obre una nova oportunitat, amb aquest segon govern no comandat pels mateixos de sempre, per\u00f2 per a aprofitar-la al m\u00e0xim no es pot caure en el mateix error en qu\u00e8 va caure el govern \u00abde progr\u00e9s\u00bb anterior: no es pot confinar la pol\u00edtica ling\u00fc\u00edstica a una direcci\u00f3 general d\u2019una conselleria, i la resta del govern desentrendre-se\u2019n. La penosa, llarga i dif\u00edcil tasca d\u2019intentar la normalitzaci\u00f3 de la llengua catalana ha de ser una empresa de tot el Govern; m\u00e9s encara, de totes les institucions generals, insulars i locals, i no s\u2019ha de deixar m\u00e9s nom\u00e9s sota la responsabilitat d\u2019una Direcci\u00f3 General. La responsabilitat de la recuperaci\u00f3 de la normalitat del catal\u00e0 hauria de ser equivalent, com a m\u00ednim, a la de la sanitat, el medi ambient, l\u2019ensenyament, l\u2019economia, el comer\u00e7, el turisme&#8230; De fet, m\u00e9s encara: des del moment que la llengua \u00e9s un element social b\u00e0sic (sense la llengua no existirien les relacions socials), la llengua pr\u00f2pia d\u2019aquest pa\u00eds (l\u2019\u00fanica llengua pr\u00f2pia) hauria de ser considerada com un assumpte prioritari de tot el Govern i quedar directament lligada a Presid\u00e8ncia.<\/p>\n<p>All\u00f2 que \u00e9s inacceptable \u00e9s que la normalitat del catal\u00e0 sigui una petita responsabilitat sectorial, que ni tan sols compromet els consellers; i que mentre un Director General, amb molt bona voluntat i recursos limitats, fa all\u00f2 que pot per a incidir dins la societat a favor de la nostra llengua, els membres del Govern se\u2019n preocupin poc o, fins i tot, com fa la consellera portaveu, s\u2019expressin p\u00fablicament en castell\u00e0. \u00c9s com si permetessin cent noves urbanitzacions i al mateix temps tenguessin un subordinat fent petits plans de preservacions parcials d\u2019un grapat de sementers.<\/p><\/blockquote>\n","protected":false},"excerpt":{"rendered":"<p>No fa massa ens assabent\u00e0vem a trav\u00e9s del diari El Pa\u00eds (30.06.2007) que \u00abEl valenci\u00e0 baixa un escal\u00f3 en el nou organigrama\u00bb, segons el periodista J. G. del M. Com que sabem que al Pa\u00eds Valenci\u00e0 aix\u00f2 va com va i no s\u00f3n els escalons el que importen, en general, no cal que ens acalorem [&hellip;]<\/p>\n","protected":false},"author":2,"featured_media":0,"comment_status":"open","ping_status":"open","sticky":false,"template":"","format":"standard","meta":{"footnotes":""},"categories":[1,47,19,24],"tags":[],"class_list":["post-138","post","type-post","status-publish","format-standard","hentry","category-general","category-planificacio","category-politica","category-requisit-linguistic"],"_links":{"self":[{"href":"https:\/\/www.cdlpv.org\/dtl\/wp-json\/wp\/v2\/posts\/138","targetHints":{"allow":["GET"]}}],"collection":[{"href":"https:\/\/www.cdlpv.org\/dtl\/wp-json\/wp\/v2\/posts"}],"about":[{"href":"https:\/\/www.cdlpv.org\/dtl\/wp-json\/wp\/v2\/types\/post"}],"author":[{"embeddable":true,"href":"https:\/\/www.cdlpv.org\/dtl\/wp-json\/wp\/v2\/users\/2"}],"replies":[{"embeddable":true,"href":"https:\/\/www.cdlpv.org\/dtl\/wp-json\/wp\/v2\/comments?post=138"}],"version-history":[{"count":0,"href":"https:\/\/www.cdlpv.org\/dtl\/wp-json\/wp\/v2\/posts\/138\/revisions"}],"wp:attachment":[{"href":"https:\/\/www.cdlpv.org\/dtl\/wp-json\/wp\/v2\/media?parent=138"}],"wp:term":[{"taxonomy":"category","embeddable":true,"href":"https:\/\/www.cdlpv.org\/dtl\/wp-json\/wp\/v2\/categories?post=138"},{"taxonomy":"post_tag","embeddable":true,"href":"https:\/\/www.cdlpv.org\/dtl\/wp-json\/wp\/v2\/tags?post=138"}],"curies":[{"name":"wp","href":"https:\/\/api.w.org\/{rel}","templated":true}]}}