{"id":1377,"date":"2009-12-02T09:28:35","date_gmt":"2009-12-02T08:28:35","guid":{"rendered":"http:\/\/www.cdlpv.org\/dtl\/?p=1377"},"modified":"2009-12-02T09:28:35","modified_gmt":"2009-12-02T08:28:35","slug":"les-linies-en-valencia","status":"publish","type":"post","link":"https:\/\/www.cdlpv.org\/dtl\/2009\/12\/02\/les-linies-en-valencia\/","title":{"rendered":"Les l\u00ednies en valenci\u00e0"},"content":{"rendered":"<p>Amb la intenci\u00f3 de suplir les mancances informatives que oferixen el web i els serveis de la conselleria d&#8217;educaci\u00f3 valenciana, l&#8217;Associaci\u00f3 C\u00edvica per la Llengua a Elx El Tempir ha elaborat un recurs informatiu sobre centres educatius on es possible estudiar en valenci\u00e0:<\/p>\n<blockquote>\n<h2>El Tempir d\u2019Elx crea un mapa amb tots els centres educatius amb l\u00ednia del Pa\u00eds Valenci\u00e0<\/h2>\n[&#8230;]\n<h3>Una eina pr\u00e0ctica i visual<\/h3>\n<p>Des d\u2019El Tempir d\u2019Elx ens vam plantejar que calia resoldre aquest greuge, hem creat una s\u00e8rie de mapes geogr\u00e0fics on s\u2019han ubicat els quasi mil centres educatius que ofereixen estudiar en valenci\u00e0 al llarg i ample del Pa\u00eds Valenci\u00e0.<\/p>\n<p>Aquests mapes, que han estat desenvolupats sobre Google Maps, conformen una eina pr\u00e0ctica que ajudar\u00e0 les mares i els pares en el moment en qu\u00e8 vulguen escolaritzar els seus fills en la nostra llengua.\n<\/p><\/blockquote>\n<p>M\u00e9s dades en el web d&#8217;<a href=\"http:\/\/www.eltempir.cat\/ca\/2009\/11\/13\/el-tempir-delx-crea-un-mapa-amb-tots-els-centres-educatius-amb-linia-del-pais-valencia\/\" target=\"_blank\">El Tempir<\/a>.<\/p>\n","protected":false},"excerpt":{"rendered":"<p>Amb la intenci\u00f3 de suplir les mancances informatives que oferixen el web i els serveis de la conselleria d&#8217;educaci\u00f3 valenciana, l&#8217;Associaci\u00f3 C\u00edvica per la Llengua a Elx El Tempir ha elaborat un recurs informatiu sobre centres educatius on es possible estudiar en valenci\u00e0: El Tempir d\u2019Elx crea un mapa amb tots els centres educatius amb [&hellip;]<\/p>\n","protected":false},"author":2,"featured_media":0,"comment_status":"open","ping_status":"open","sticky":false,"template":"","format":"standard","meta":{"footnotes":""},"categories":[45,10,1],"tags":[172,517],"class_list":["post-1377","post","type-post","status-publish","format-standard","hentry","category-ensenyament","category-formacio","category-general","tag-elx","tag-webs"],"_links":{"self":[{"href":"https:\/\/www.cdlpv.org\/dtl\/wp-json\/wp\/v2\/posts\/1377","targetHints":{"allow":["GET"]}}],"collection":[{"href":"https:\/\/www.cdlpv.org\/dtl\/wp-json\/wp\/v2\/posts"}],"about":[{"href":"https:\/\/www.cdlpv.org\/dtl\/wp-json\/wp\/v2\/types\/post"}],"author":[{"embeddable":true,"href":"https:\/\/www.cdlpv.org\/dtl\/wp-json\/wp\/v2\/users\/2"}],"replies":[{"embeddable":true,"href":"https:\/\/www.cdlpv.org\/dtl\/wp-json\/wp\/v2\/comments?post=1377"}],"version-history":[{"count":0,"href":"https:\/\/www.cdlpv.org\/dtl\/wp-json\/wp\/v2\/posts\/1377\/revisions"}],"wp:attachment":[{"href":"https:\/\/www.cdlpv.org\/dtl\/wp-json\/wp\/v2\/media?parent=1377"}],"wp:term":[{"taxonomy":"category","embeddable":true,"href":"https:\/\/www.cdlpv.org\/dtl\/wp-json\/wp\/v2\/categories?post=1377"},{"taxonomy":"post_tag","embeddable":true,"href":"https:\/\/www.cdlpv.org\/dtl\/wp-json\/wp\/v2\/tags?post=1377"}],"curies":[{"name":"wp","href":"https:\/\/api.w.org\/{rel}","templated":true}]}}