{"id":137,"date":"2007-07-25T11:39:10","date_gmt":"2007-07-25T10:39:10","guid":{"rendered":"http:\/\/www.cdlpv.org\/dtl\/?p=137"},"modified":"2007-07-25T11:39:10","modified_gmt":"2007-07-25T10:39:10","slug":"jqcv-resultats-del-grau-mitja-llenguatge-administratiu-i-mitjans","status":"publish","type":"post","link":"https:\/\/www.cdlpv.org\/dtl\/2007\/07\/25\/jqcv-resultats-del-grau-mitja-llenguatge-administratiu-i-mitjans\/","title":{"rendered":"JQCV: resultats del grau mitj\u00e0, llenguatge administratiu i mitjans"},"content":{"rendered":"<p>El <span class=\"versaleta\">cidaj<\/span> ens fa arribar la informaci\u00f3 seg\u00fcent:<\/p>\n<blockquote><p>\nRESOLUCI\u00d3 de 9 de juliol de 2007, de la presidenta de la Junta Qualificadora de Coneixements de Valenci\u00e0, per la qual es fan p\u00fabliques les llistes de resultats provisionals de les proves de grau mitj\u00e0 de coneixements de valenci\u00e0, i de capacitaci\u00f3 t\u00e8cnica: llenguatge administratiu i llenguatge als mitjans de comunicaci\u00f3. [2007\/9328] (<span class=\"versaleta\">docv<\/span> n\u00fam. 5 558, de 18.07.2007)<br \/>\n<a href=\"http:\/\/www.pre.gva.es\/L\/BASIS\/BDLGVPU\/WEB\/LEV_LISTADOS_TEXTO\/DDW?W%3DSIGNATURA_N=9614+AND+SIGNATURA_A=2007%26R%3DN\" target=\"_blank\">&#8211; vegeu text<\/a>\n<\/p><\/blockquote>\n","protected":false},"excerpt":{"rendered":"<p>El cidaj ens fa arribar la informaci\u00f3 seg\u00fcent: RESOLUCI\u00d3 de 9 de juliol de 2007, de la presidenta de la Junta Qualificadora de Coneixements de Valenci\u00e0, per la qual es fan p\u00fabliques les llistes de resultats provisionals de les proves de grau mitj\u00e0 de coneixements de valenci\u00e0, i de capacitaci\u00f3 t\u00e8cnica: llenguatge administratiu i llenguatge [&hellip;]<\/p>\n","protected":false},"author":2,"featured_media":0,"comment_status":"open","ping_status":"open","sticky":false,"template":"","format":"standard","meta":{"footnotes":""},"categories":[10,1,13,24],"tags":[],"class_list":["post-137","post","type-post","status-publish","format-standard","hentry","category-formacio","category-general","category-jqcv","category-requisit-linguistic"],"_links":{"self":[{"href":"https:\/\/www.cdlpv.org\/dtl\/wp-json\/wp\/v2\/posts\/137","targetHints":{"allow":["GET"]}}],"collection":[{"href":"https:\/\/www.cdlpv.org\/dtl\/wp-json\/wp\/v2\/posts"}],"about":[{"href":"https:\/\/www.cdlpv.org\/dtl\/wp-json\/wp\/v2\/types\/post"}],"author":[{"embeddable":true,"href":"https:\/\/www.cdlpv.org\/dtl\/wp-json\/wp\/v2\/users\/2"}],"replies":[{"embeddable":true,"href":"https:\/\/www.cdlpv.org\/dtl\/wp-json\/wp\/v2\/comments?post=137"}],"version-history":[{"count":0,"href":"https:\/\/www.cdlpv.org\/dtl\/wp-json\/wp\/v2\/posts\/137\/revisions"}],"wp:attachment":[{"href":"https:\/\/www.cdlpv.org\/dtl\/wp-json\/wp\/v2\/media?parent=137"}],"wp:term":[{"taxonomy":"category","embeddable":true,"href":"https:\/\/www.cdlpv.org\/dtl\/wp-json\/wp\/v2\/categories?post=137"},{"taxonomy":"post_tag","embeddable":true,"href":"https:\/\/www.cdlpv.org\/dtl\/wp-json\/wp\/v2\/tags?post=137"}],"curies":[{"name":"wp","href":"https:\/\/api.w.org\/{rel}","templated":true}]}}