{"id":1369,"date":"2009-11-26T14:05:14","date_gmt":"2009-11-26T13:05:14","guid":{"rendered":"http:\/\/www.cdlpv.org\/dtl\/?p=1369"},"modified":"2009-11-26T14:05:14","modified_gmt":"2009-11-26T13:05:14","slug":"tfv-primera-jornada-sobre-el-valencia","status":"publish","type":"post","link":"https:\/\/www.cdlpv.org\/dtl\/2009\/11\/26\/tfv-primera-jornada-sobre-el-valencia\/","title":{"rendered":"TFV: primera jornada sobre el valenci\u00e0"},"content":{"rendered":"<blockquote>\n<h2><a herf=\"http:\/\/sites.google.com\/site\/tauladefilologiavalenciana\/home\" target=\"_blank\">Taula de Filologia Valenciana<\/a><br \/>\norganitza la<br \/>\nI Jornada sobre el valenci\u00e0. Pedagogia (llengua i literatura), \u00fas social i normativa<\/h2>\n<p><strong>Sueca <\/strong><br \/>\n<strong>Dia 28 de novembre del 2009, dissabte<\/strong><br \/>\n<strong>Lloc:<\/strong> sal\u00f3 d&#8217;actes de la Casa de la Cultura<br \/>\nCarrer de la Mare de D\u00e9u, n\u00fam. 2<br \/>\n<strong>Horari:<\/strong> de 09:30h a 13:00h i de 16:30h a 19:30h<\/p>\n<h3>Programa<\/h3>\n<ul>\n<strong>1. 09:30h (en punt) Inauguraci\u00f3 de la jornada i lliurament dels premis<\/strong><br \/>\nIntervindran: representants de Taula, de l\u2019ajuntament de Sueca i de les entitats que subvencionen els premis de Joaquim Garcia Girona, l\u2019Acad\u00e8mia valenciana de la Llengua i la Caixa Popular. Abelard Saragoss\u00e0 (Universitat de Val\u00e8ncia), \u00abLa concepci\u00f3 nacional i ling\u00fc\u00edstica de Bernat i Baldov\u00ed\u00bb. En acabar: minuts de descans.<\/p>\n<p><strong>2. 10:30h Exposicions. Primer grup.<\/strong> President: Emili Casanova<\/p>\n<li>J. Leonardo Gim\u00e9nez (ajuntament d\u2019Alzira), \u00abDubtes en la normativa\u00bb\n<li>Francesc-Xavier Llorca (Universitat d\u2019Alacant), \u00abDel registre oral al registre escrit. Una experi\u00e8ncia en Secund\u00e0ria\u00bb\n<li>Francesc Llopis (Universitat de Val\u00e8ncia), \u00abEl l\u00e8xic valenci\u00e0 dels estudiants\u00bb\n<li>Josep Saborit (CFPA Josep Pascual i Tirado, Castell\u00f3), \u00abVariacions intergeneracionals en la manera de parlar el valenci\u00e0\u00bb<\/li>\n<p><strong>3. 11:45h Exposicions. Segon grup.<\/strong> President: Eugeni S. Reig<\/p>\n<li>Josep \u00c0ngel Mas (Universitat Polit\u00e8cnica de Val\u00e8ncia), \u00abSobre l\u2019episodi de la traducci\u00f3 de la constituci\u00f3 europea\u00bb\n<li>Vicent Baydal (Barcelona, CSIC), \u00abEl valenci\u00e0 emprat a la blogosfera valenciana\u00bb\n<li>Maria Alonso (doctora de Buenos Aires), \u00abEl valenci\u00e0 en Buenos Aires\u00bb\n<li>Josep Daniel Climent (IES Cid, Val\u00e8ncia), \u00abNicolau Primitiu G\u00f3mez Serrano i la llengua dels valencians\u00bb<\/li>\n<p>    Descans per a dinar<\/p>\n<p><strong>4. 16:30h (en punt) Exposicions. Tercer grup.<\/strong> President: Llu\u00eds Polanco<\/p>\n<li>Raquel Casesnoves Ferrer (Universitat Pompeu Fabra), \u00abQuin valor t\u00e9 el valenci\u00e0 per als joves i com ha canviat amb els anys? Un estudi sobre actituds ling\u00fc\u00edstiques\u00bb\n<li>Pilar Dom\u00e9nech, Josep Llu\u00eds Dom\u00e9nech i Jes\u00fas Huguet (diversos instituts); exposar\u00e0 Josep Llu\u00eds Dom\u00e9nech (Acad\u00e8mia Valenciana de la Llengua), \u00abRelats interculturals\u00bb\n<li>Carla Gonz\u00e1lez (Universitat Aut\u00f2noma de Barcelona), \u00abMolt m\u00e9s que can\u00e7ons. Aproximaci\u00f3 a la m\u00fasica com a eina de creaci\u00f3 identit\u00e0ria, normalitzaci\u00f3 ling\u00fc\u00edstica i ensenyament\u00bb\n<li>August Monz\u00f3n (Universitat de Val\u00e8ncia), \u00abL&#8217;\u00fas del valenci\u00e0 en la lit\u00fargia.  Iniciatives recents a la di\u00f2cesi de Val\u00e8ncia\u00bb<\/li>\n<p><strong>5. 18:00h Exposicions. Quart grup. <\/strong>President: Ximo L\u00f3pez<\/p>\n<li>Isabel Olid B\u00e1ez (Universitat Aut\u00f2noma de Barcelona), \u00abL&#8217;\u00e0lbum il\u00b7lustrat sense paraules, o com esperonar l&#8217;\u00fas del valenci\u00e0 a les aules amb alumnat nouvingut\u00bb\n<li>Josep Miquel Arques i Galiana (IES Lu\u00eds Garcia Berlanga, Sant Joan d\u2019Alacant), \u00abUna Escola per a la Festa\u00bb\n<li>Imma Coret i Gimeno  (IES Museros), \u00abDisseny d\u2019unitats did\u00e0ctiques basat en tasques. Un exemple pr\u00e0ctic\u00bb\n<li>Carme Mart\u00ednez Devesa i No\u00e8lia Soldevila Cant\u00f3 (IEM L\u00b4Almadrava i IEM Pere Maria Orts i Bosch, Benidorm), \u00abLa integraci\u00f3 des del treball cooperatiu\u00bb\n<li>Marina Zaragoz\u00e0 (Universitat de Val\u00e8ncia), \u00abAspectes did\u00e0ctics en l\u2019obra de Bernat i Baldov\u00ed\u00bb\n<\/p><\/blockquote>\n","protected":false},"excerpt":{"rendered":"<p>Taula de Filologia Valenciana organitza la I Jornada sobre el valenci\u00e0. Pedagogia (llengua i literatura), \u00fas social i normativa Sueca Dia 28 de novembre del 2009, dissabte Lloc: sal\u00f3 d&#8217;actes de la Casa de la Cultura Carrer de la Mare de D\u00e9u, n\u00fam. 2 Horari: de 09:30h a 13:00h i de 16:30h a 19:30h Programa [&hellip;]<\/p>\n","protected":false},"author":2,"featured_media":0,"comment_status":"open","ping_status":"open","sticky":false,"template":"","format":"standard","meta":{"footnotes":""},"categories":[2,10,27],"tags":[258,472],"class_list":["post-1369","post","type-post","status-publish","format-standard","hentry","category-comunicacio","category-formacio","category-sociolinguistica","tag-jornades","tag-tfv"],"_links":{"self":[{"href":"https:\/\/www.cdlpv.org\/dtl\/wp-json\/wp\/v2\/posts\/1369","targetHints":{"allow":["GET"]}}],"collection":[{"href":"https:\/\/www.cdlpv.org\/dtl\/wp-json\/wp\/v2\/posts"}],"about":[{"href":"https:\/\/www.cdlpv.org\/dtl\/wp-json\/wp\/v2\/types\/post"}],"author":[{"embeddable":true,"href":"https:\/\/www.cdlpv.org\/dtl\/wp-json\/wp\/v2\/users\/2"}],"replies":[{"embeddable":true,"href":"https:\/\/www.cdlpv.org\/dtl\/wp-json\/wp\/v2\/comments?post=1369"}],"version-history":[{"count":0,"href":"https:\/\/www.cdlpv.org\/dtl\/wp-json\/wp\/v2\/posts\/1369\/revisions"}],"wp:attachment":[{"href":"https:\/\/www.cdlpv.org\/dtl\/wp-json\/wp\/v2\/media?parent=1369"}],"wp:term":[{"taxonomy":"category","embeddable":true,"href":"https:\/\/www.cdlpv.org\/dtl\/wp-json\/wp\/v2\/categories?post=1369"},{"taxonomy":"post_tag","embeddable":true,"href":"https:\/\/www.cdlpv.org\/dtl\/wp-json\/wp\/v2\/tags?post=1369"}],"curies":[{"name":"wp","href":"https:\/\/api.w.org\/{rel}","templated":true}]}}