{"id":1362,"date":"2009-11-24T11:48:28","date_gmt":"2009-11-24T10:48:28","guid":{"rendered":"http:\/\/www.cdlpv.org\/dtl\/?p=1362"},"modified":"2009-11-24T11:48:28","modified_gmt":"2009-11-24T10:48:28","slug":"un-protocol-pel-valencia","status":"publish","type":"post","link":"https:\/\/www.cdlpv.org\/dtl\/2009\/11\/24\/un-protocol-pel-valencia\/","title":{"rendered":"Un protocol pel valenci\u00e0"},"content":{"rendered":"<p>Segons hem pogut llegir en el diari <em>El Pa\u00eds<\/em> (<a href=\"http:\/\/www.elpais.com\/articulo\/Comunidad\/Valenciana\/Academia\/une\/municipios\/Consell\/apoyo\/valenciano\/elpepiespval\/20091124elpval_9\/Tes\" target=\"_blank\">24.11.2009<\/a>):<\/p>\n<blockquote>\n<h2>L&#8217;Acad\u00e8mia unix els municipis i el Consell en el suport al valenci\u00e0<\/h2>\n<h3>Font de Mora anuncia una plataforma de traducci\u00f3 autom\u00e0tica de documents<\/h3>\n<p class=\"periodista\">A. B. &#8211; Valencia &#8211; 24.11.2009 <\/p>\n<p>La presidenta de la Acad\u00e8mia Valenciana de la Llengua <span class=\"versaleta\">(avl)<\/span>, Ascensi\u00f3 Figueres, va destacar la \u00abvoluntat de proximitat\u00bb i la intenci\u00f3 d&#8217;\u00abunir esfor\u00e7os i recursos per a enfortir el vincle entre les institucions, per\u00f2 sobretot entre les institucions i la societat\u00bb. En un acte dotat de certa solemnitat en el monestir de Sant Miquel dels Reis, es va signar ahir un protocol entre l&#8217;<span class=\"versaleta\">avl<\/span>, la Conselleria d&#8217;Educaci\u00f3 i 61 entitats locals, entre ajuntaments i mancomunitats de municipis, per a la \u00abcoordinaci\u00f3 d&#8217;actuacions en mat\u00e8ria de normalitzaci\u00f3 ling\u00fc\u00edstica\u00bb. Un acord que \u00e9s fruit, com va destacar Figueres, de la iniciativa d&#8217;un grup de t\u00e8cnics d&#8217;oficines de promoci\u00f3 del valenci\u00e0 de diversos municipis. <\/p>\n<p>Amb representaci\u00f3 d&#8217;ajuntaments de tots els signes pol\u00edtics, l&#8217;acte va comptar amb la intervenci\u00f3 de la presidenta de la Federaci\u00f3 Valenciana de Municipis i Prov\u00edncies, la tamb\u00e9 alcaldessa d&#8217;Alzira Elena Bastidas, del <span class=\"versaleta\">pp<\/span>, qui va apel\u00b7lar a la realitat sociol\u00f2gica i la vitalitat del valenci\u00e0 en les comarques i va advocar per \u00abuna pol\u00edtica ling\u00fc\u00edstica d&#8217;unitat i d&#8217;avan\u00e7, mai d&#8217;enfrontament\u00bb. Signat en el 26\u00e9 aniversari de la Llei d&#8217;\u00das i Ensenyament del Valenci\u00e0, el protocol suposa, segons va explicar el conseller d&#8217;Educaci\u00f3, Alejandro Font de Mora, un mecanisme per a \u00abestar m\u00e9s a prop dels ciutadans\u00bb. Despr\u00e9s de repassar les dades de la pol\u00edtica ling\u00fc\u00edstica des que Francisco Camps presidix la Generalitat (centrats en l&#8217;augment de l&#8217;oferta d&#8217;ensenyament en valenci\u00e0), Font de Mora va anunciar que el seu departament treballa en \u00abuna plataforma de traducci\u00f3 autom\u00e0tica de textos administratius al valenci\u00e0\u00bb que millorar\u00e0 les possibilitats de normalitzaci\u00f3 de la llengua en les institucions.\n<\/p><\/blockquote>\n<p>M\u00e9s enll\u00e0 de les bones intenciones  \u2014les reals i les fict\u00edcies\u2014, podeu llegir punts i cl\u00e0usules com els seg\u00fcents en el protocol (versi\u00f3 de setembre d&#8217;enguany: <a href=\"http:\/\/www.cdlpv.org\/dtl\/wp-content\/uploads\/2009\/11\/El-protocol1.pdf\" target=\"_blank\"><span class=\"versaleta\">[pdf]<\/span><\/a>):<\/p>\n<blockquote><p>\n<strong>Quinta.<\/strong><em> Obligacions<\/em><\/p>\n<p><strong>A. ALS AJUNTAMENTS I MANCOMUNITAT DE MUNICIPIS<\/strong><\/p>\n[&#8230;]\n<p>2) L\u2019adscripci\u00f3 a l\u2019OPV d\u2019un t\u00e8cnic, com a m\u00ednim, amb un perfil professional espec\u00edfic que li permeta exercir les funcions encomanades amb efic\u00e0cia i efici\u00e8ncia.<\/p>\n[..]\n<p>7) La firma d\u2019este protocol per a accedir a les subvencions anuals de la Conselleria d\u2019Educaci\u00f3 i de l\u2019AVL, i ajudes econ\u00f2miques destinades a ajuntaments i mancomunitats de municipis que realitzen activitats de promoci\u00f3 de l\u2019\u00fas del valenci\u00e0.<\/p>\n<p><strong>B. A LA CONSELLERIA D\u2019EDUCACI\u00d3<\/strong><\/p>\n<p>3) La implementaci\u00f3 d\u2019un entorn telem\u00e0tic que possibilite la comunicaci\u00f3 i facilite la gesti\u00f3 integrada dels processos administratius relatius a l\u2019activitat de promoci\u00f3 del valenci\u00e0.<\/p>\n[&#8230;]\n<p><strong>C. A L\u2019ACAD\u00c8MIA VALENCIANA DE LA LLENGUA<\/strong><\/p>\n<p>1) La col\u00b7laboraci\u00f3 en el funcionament de l\u2019OPV per mitj\u00e0 de la convocat\u00f2ria anual d\u2019ajudes econ\u00f2miques destinades a les entitats firmants d\u2019este protocol que duen a terme activitats de promoci\u00f3 de l\u2019\u00fas del valenci\u00e0.<\/p>\n[&#8230;]\n<p>3) La creaci\u00f3 d\u2019un servici d\u2019assessorament permanent en mat\u00e8ria ling\u00fc\u00edstica per a les oficines de promoci\u00f3 del valenci\u00e0.<\/p>\n<p>4) El disseny i l\u2019aplicaci\u00f3 d\u2019un programa de formaci\u00f3, informaci\u00f3 i assessorament dels t\u00e8cnics, de manera individualitzada o gen\u00e8rica, per mitj\u00e0 de l\u2019organitzaci\u00f3 de cursos, seminaris o jornades amb car\u00e0cter peri\u00f2dic.<\/p>\n[&#8230;]\n<p><strong>S\u00e8ptima.<\/strong><em> Vig\u00e8ncia del protocol<\/em><\/p>\n[&#8230;]\n<p>En cas que s\u2019anul\u00b7le o que no es renove l\u2019acord, les parts hem de permetre que el personal t\u00e8cnic que representa la instituci\u00f3 duga a terme les activitats acordades i les que s\u2019hagen comen\u00e7at, amb el vistiplau del personal electe corresponent.<\/p>\n<p><strong>Octava<\/strong>. <em>Cl\u00e0usula econ\u00f2mica<\/em><br \/>\nLa subscripci\u00f3 d\u2019este protocol no implica l\u2019aportaci\u00f3 de recursos econ\u00f2mics. No obstant aix\u00f2, quan la realitzaci\u00f3 d\u2019alguna de les activitats previstes exigisca l\u2019aportaci\u00f3 de recursos econ\u00f2mics, estes activitats estaran supeditades a les disponibilitats pressupost\u00e0ries de cadascuna de les parts per a cada exercici.<\/p>\n<p><strong>Novena.<\/strong><em> Modificacions<\/em><\/p>\n<p>No t\u00e9 validesa cap variaci\u00f3 o alteraci\u00f3 del protocol si, pr\u00e8viament, alguna de les parts no l\u2019ha feta per escrit, de manera que no \u00e9s vinculant cap modificaci\u00f3 pactada oralment que no haja sigut incorporada per escrit al protocol amb la conformitat de totes les parts.\n<\/p><\/blockquote>\n<p>Ja fa anys que havien reclamat els t\u00e8cnics ling\u00fc\u00edstics, per exemple, a l&#8217;<span class=\"versaleta\">avl<\/span>, la seua implicaci\u00f3 en este \u00e0mbit, per\u00f2 esta instituci\u00f3 encara no s&#8217;havia posat en marxa en eixe sentit. Esperem que ara tinga una excusa adequada per a comen\u00e7ar a treballar en este sentit i amb car\u00e0cter general.<\/p>\n<p>D&#8217;altra banda, cadasc\u00fa podr\u00e0 valorar d&#8217;acord amb els precedents, qu\u00e8 significa el punt 7 de les obligacions dels municipis (cl\u00e0usula quinta): l&#8217;entitat que firma est\u00e0 obligada a firmar el protocol&#8230; \u00bfPot estar obligada l&#8217;entitat a firmar una cosa que ja ha firmat i que per aix\u00f2 t\u00e9 l&#8217;obligaci\u00f3 de firmar? L&#8217;abast deu ser un altre, i ja vorem com s&#8217;interpreta i qui ho interpreta.<\/p>\n<p>Pel que fa al \u00abperfil professional espec\u00edfic\u00bb, una reclamaci\u00f3 i una necessitat tamb\u00e9 antiga del col\u00b7lectiu, el document no aporta res concret. <\/p>\n<p>Quant a la cl\u00e0usula setena (que podeu llegir completa en el <span class=\"versaleta\">pdf<\/span> i interpretar el primer par\u00e0graf si podeu), en el tercer par\u00e0graf hi ha una frase, \u00abamb el vistiplau del personal electe corresponent\u00bb que desactiva l&#8217;obligaci\u00f3 inicial que sembla que pretenia incloure el par\u00e0graf.<\/p>\n<p>Esperem que l&#8217;activitat de les administracions millore este protocol o vaja m\u00e9s enll\u00e0 del que s&#8217;expressa sense dotaci\u00f3 econ\u00f2mica ni terminis d&#8217;aplicaci\u00f3. No ho han fet fins ara, a pesar de les atribucions legals que tenen i a causa de la programaci\u00f3 pol\u00edtica que apliquen en este \u00e0mbit. \u00bfResoldr\u00e0 este protocol casos com el <a herf=\"http:\/\/www.cdlpv.org\/dtl\/?p=1315\" target=\"_blank\">d&#8217;Alboraia<\/a> i dels municipis que no complixen la legislaci\u00f3 ling\u00fc\u00edstica vigent? Tant de bo.<\/p>\n<p>Mentrestant, ser\u00e0 convenient que els t\u00e8cnics ling\u00fc\u00edstics s&#8217;organitzen professionalment en <a href=\"http:\/\/www.cdlpv.org\/dtl\/?p=1065\" target=\"_blank\">associacions<\/a> (com ara la <span class=\"versaleta\">cdlpv<\/span>) o sindicalment, per tal d&#8217;adquirir realment un perfil professional concret adequat, m\u00e9s enll\u00e0 de les incerteses passades i actuals de la voluntat pol\u00edtica.<\/p>\n<hr>\n<\/hr>\n<blockquote><p>\n<span class=\"nota\">[Dada afegida el 27.01.2010] Segons la <a href=\"http:\/\/www.avl.gva.es\/accessible\/gabinet\/premsa.asp?id=301\" target=\"_blank\">informaci\u00f3<\/a> de l&#8217;AVL, s\u00f3n estes 54 entitats locals les que han signat el protocol:<br \/>\nAlaqu\u00e0s, Albal, Albalat dels Sorells, Alcoi, Aldaia, Algemes\u00ed, Alginet, Almassora, Alzira, Benet\u00fasser, Benicarl\u00f3, Benic\u00e0ssim, Benissa, Betx\u00ed, Borriana, Callosa d&#8217;en Sarri\u00e0, Carlet, Catarroja, Cocentaina, Elx, Gandia, Godella, l\u2019Alc\u00fadia, la Vila Joiosa, Mancomunitat de la Ribera Alta, Mancomunitat de la Safor, Mancomunitat de la Vall d&#8217;Albaida, Manises, Massamagrell, Mislata, Moncofa, Montcada, Montserrat, Muro, Museros, Mutxamel, Novelda, Nules, Oliva, Onda, Ontinyent, Paterna, Pen\u00edscola, Petrer, Picanya, Sagunt, Silla, Sueca, Tavernes de la Valldigna, Teulada, Tor\u00eds, Vila-Real, X\u00e0bia, Xixona.<\/span>\n<\/p><\/blockquote>\n","protected":false},"excerpt":{"rendered":"<p>Segons hem pogut llegir en el diari El Pa\u00eds (24.11.2009): L&#8217;Acad\u00e8mia unix els municipis i el Consell en el suport al valenci\u00e0 Font de Mora anuncia una plataforma de traducci\u00f3 autom\u00e0tica de documents A. B. &#8211; Valencia &#8211; 24.11.2009 La presidenta de la Acad\u00e8mia Valenciana de la Llengua (avl), Ascensi\u00f3 Figueres, va destacar la \u00abvoluntat [&hellip;]<\/p>\n","protected":false},"author":2,"featured_media":0,"comment_status":"open","ping_status":"open","sticky":false,"template":"","format":"standard","meta":{"footnotes":""},"categories":[2,3,1,15,47,19,24,26,28],"tags":[50],"class_list":["post-1362","post","type-post","status-publish","format-standard","hentry","category-comunicacio","category-documentacio","category-general","category-laboral","category-planificacio","category-politica","category-requisit-linguistic","category-serveis-linguistics","category-subvencions","tag-administracio-local"],"_links":{"self":[{"href":"https:\/\/www.cdlpv.org\/dtl\/wp-json\/wp\/v2\/posts\/1362","targetHints":{"allow":["GET"]}}],"collection":[{"href":"https:\/\/www.cdlpv.org\/dtl\/wp-json\/wp\/v2\/posts"}],"about":[{"href":"https:\/\/www.cdlpv.org\/dtl\/wp-json\/wp\/v2\/types\/post"}],"author":[{"embeddable":true,"href":"https:\/\/www.cdlpv.org\/dtl\/wp-json\/wp\/v2\/users\/2"}],"replies":[{"embeddable":true,"href":"https:\/\/www.cdlpv.org\/dtl\/wp-json\/wp\/v2\/comments?post=1362"}],"version-history":[{"count":0,"href":"https:\/\/www.cdlpv.org\/dtl\/wp-json\/wp\/v2\/posts\/1362\/revisions"}],"wp:attachment":[{"href":"https:\/\/www.cdlpv.org\/dtl\/wp-json\/wp\/v2\/media?parent=1362"}],"wp:term":[{"taxonomy":"category","embeddable":true,"href":"https:\/\/www.cdlpv.org\/dtl\/wp-json\/wp\/v2\/categories?post=1362"},{"taxonomy":"post_tag","embeddable":true,"href":"https:\/\/www.cdlpv.org\/dtl\/wp-json\/wp\/v2\/tags?post=1362"}],"curies":[{"name":"wp","href":"https:\/\/api.w.org\/{rel}","templated":true}]}}