{"id":1357,"date":"2009-11-18T12:25:47","date_gmt":"2009-11-18T11:25:47","guid":{"rendered":"http:\/\/www.cdlpv.org\/dtl\/?p=1357"},"modified":"2009-11-18T12:25:47","modified_gmt":"2009-11-18T11:25:47","slug":"un-diccionari-del-catala-antic-en-xarxa","status":"publish","type":"post","link":"https:\/\/www.cdlpv.org\/dtl\/2009\/11\/18\/un-diccionari-del-catala-antic-en-xarxa\/","title":{"rendered":"Un diccionari del catal\u00e0 antic en xarxa"},"content":{"rendered":"<p>Xavier Rull ens envia a trav\u00e9s d&#8217;Infoz\u00e8fir la informaci\u00f3 seg\u00fcent:<\/p>\n<blockquote>\n<h2>Presentaci\u00f3 del <em>Diccionari de textos catalans antics<\/em><\/h2>\n<p><a href=\"\" target=\"_blank\"><em>http:\/\/www.ub.edu\/diccionari-dtca<\/em><\/a><\/p>\n<p><strong>Jornada acad\u00e8mica<\/strong><\/p>\n<p><strong>Dia:<\/strong> 30 de novembre de 2009<br \/>\n<strong>Lloc:<\/strong> sala de professors de l\u2019edifici Josep Carner de la UB (c. Aribau 2, 5\u00e8 pis, Barcelona)<\/p>\n<p>18:30 h Prof. Pietro Beltrami, director de l\u2019Opera del Vocabolario Italiano, \u00abBanca dati e dizionario storico: l&#8217;esempio del Tesoro della Lingua Italiana delle Origini\u00bb.<\/p>\n<p>19:30 h Presentaci\u00f3 del <em>Diccionari de textos catalans antics<\/em> en xarxa, primera concreci\u00f3 del projecte de Diccionari del Catal\u00e0 Antic. Amb la intervenci\u00f3 de la prof. M. Teresa Anguera, vicerectora de Pol\u00edtica Cient\u00edfica de la Universitat de Barcelona; del prof. Salvador Giner, president de l\u2019Institut d\u2019Estudis Catalans; i del prof. Joaquim Rafel, director del Diccionari del Catal\u00e0 Antic.<\/p>\n<p><strong>Pausa<\/strong><\/p>\n<p>20:15 h Prof. Jos\u00e9 Antonio Pascual, sostdirector de la Real Academia Espa\u00f1ola, \u00abLos corpus. La hora del fil\u00f3logo\u00bb.<\/p>\n<p><strong>Font:<\/strong> Centre de Documentaci\u00f3 Ramon Llull<br \/>\n<a href=\"http:\/\/www.ub.edu\/centrellull\" target=\"_blank\"><em>http:\/\/www.ub.edu\/centrellull<\/em><\/a>\n<\/p><\/blockquote>\n","protected":false},"excerpt":{"rendered":"<p>Xavier Rull ens envia a trav\u00e9s d&#8217;Infoz\u00e8fir la informaci\u00f3 seg\u00fcent: Presentaci\u00f3 del Diccionari de textos catalans antics http:\/\/www.ub.edu\/diccionari-dtca Jornada acad\u00e8mica Dia: 30 de novembre de 2009 Lloc: sala de professors de l\u2019edifici Josep Carner de la UB (c. Aribau 2, 5\u00e8 pis, Barcelona) 18:30 h Prof. Pietro Beltrami, director de l\u2019Opera del Vocabolario Italiano, \u00abBanca [&hellip;]<\/p>\n","protected":false},"author":2,"featured_media":0,"comment_status":"open","ping_status":"open","sticky":false,"template":"","format":"standard","meta":{"footnotes":""},"categories":[2,10,1,16,22],"tags":[144],"class_list":["post-1357","post","type-post","status-publish","format-standard","hentry","category-comunicacio","category-formacio","category-general","category-lexicografia","category-recerca","tag-diccionaris"],"_links":{"self":[{"href":"https:\/\/www.cdlpv.org\/dtl\/wp-json\/wp\/v2\/posts\/1357","targetHints":{"allow":["GET"]}}],"collection":[{"href":"https:\/\/www.cdlpv.org\/dtl\/wp-json\/wp\/v2\/posts"}],"about":[{"href":"https:\/\/www.cdlpv.org\/dtl\/wp-json\/wp\/v2\/types\/post"}],"author":[{"embeddable":true,"href":"https:\/\/www.cdlpv.org\/dtl\/wp-json\/wp\/v2\/users\/2"}],"replies":[{"embeddable":true,"href":"https:\/\/www.cdlpv.org\/dtl\/wp-json\/wp\/v2\/comments?post=1357"}],"version-history":[{"count":0,"href":"https:\/\/www.cdlpv.org\/dtl\/wp-json\/wp\/v2\/posts\/1357\/revisions"}],"wp:attachment":[{"href":"https:\/\/www.cdlpv.org\/dtl\/wp-json\/wp\/v2\/media?parent=1357"}],"wp:term":[{"taxonomy":"category","embeddable":true,"href":"https:\/\/www.cdlpv.org\/dtl\/wp-json\/wp\/v2\/categories?post=1357"},{"taxonomy":"post_tag","embeddable":true,"href":"https:\/\/www.cdlpv.org\/dtl\/wp-json\/wp\/v2\/tags?post=1357"}],"curies":[{"name":"wp","href":"https:\/\/api.w.org\/{rel}","templated":true}]}}