{"id":1355,"date":"2009-11-18T08:53:10","date_gmt":"2009-11-18T07:53:10","guid":{"rendered":"http:\/\/www.cdlpv.org\/dtl\/?p=1355"},"modified":"2009-11-18T08:53:10","modified_gmt":"2009-11-18T07:53:10","slug":"els-limits-de-la-politica-linguistica","status":"publish","type":"post","link":"https:\/\/www.cdlpv.org\/dtl\/2009\/11\/18\/els-limits-de-la-politica-linguistica\/","title":{"rendered":"Els l\u00edmits de la pol\u00edtica ling\u00fc\u00edstica"},"content":{"rendered":"<p>Joan Vilarnau ens envia a trav\u00e9s d&#8217;Infoz\u00e8fir la informaci\u00f3 seg\u00fcent:<\/p>\n<blockquote><p>\nL&#8217;Observatori de la Llengua Catalana celebra una jornada de reflexi\u00f3 i debat entorn a la situaci\u00f3 de la llengua amb el t\u00edtol \u00abHi ha l\u00edmits a la pol\u00edtica ling\u00fc\u00edstica?\u00bb.<\/p>\n<p>La jornada comptar\u00e0 amb la pres\u00e8ncia d&#8217;imporants especialistes.<\/p>\n<p>   <strong>Dia:<\/strong> divendres 27 de novembre de 2009<br \/>\n   <strong>Horari:<\/strong> de 10 a 17 hores<br \/>\n   <strong>Lloc:<\/strong> c. Rocafort, 242, bis, Barcelona.<br \/>\n   <strong>Tota la informaci\u00f3 a:<\/strong> <a href=\"www.observatoridelallengua.cat\" target=\"_blank\"><em>www.observatoridelallengua.cat<\/em><\/a><\/p>\n<p><strong>Font:<\/strong><br \/>\nObservatori de la Llengua<br \/>\nC. Diputaci\u00f3, 276<br \/>\n08009 Barcelona<br \/>\nTel.: 93.319.80.50 &#8211; ext. 138\n<\/p><\/blockquote>\n","protected":false},"excerpt":{"rendered":"<p>Joan Vilarnau ens envia a trav\u00e9s d&#8217;Infoz\u00e8fir la informaci\u00f3 seg\u00fcent: L&#8217;Observatori de la Llengua Catalana celebra una jornada de reflexi\u00f3 i debat entorn a la situaci\u00f3 de la llengua amb el t\u00edtol \u00abHi ha l\u00edmits a la pol\u00edtica ling\u00fc\u00edstica?\u00bb. La jornada comptar\u00e0 amb la pres\u00e8ncia d&#8217;imporants especialistes. Dia: divendres 27 de novembre de 2009 Horari: [&hellip;]<\/p>\n","protected":false},"author":2,"featured_media":0,"comment_status":"open","ping_status":"open","sticky":false,"template":"","format":"standard","meta":{"footnotes":""},"categories":[2,10,1,47,27],"tags":[258],"class_list":["post-1355","post","type-post","status-publish","format-standard","hentry","category-comunicacio","category-formacio","category-general","category-planificacio","category-sociolinguistica","tag-jornades"],"_links":{"self":[{"href":"https:\/\/www.cdlpv.org\/dtl\/wp-json\/wp\/v2\/posts\/1355","targetHints":{"allow":["GET"]}}],"collection":[{"href":"https:\/\/www.cdlpv.org\/dtl\/wp-json\/wp\/v2\/posts"}],"about":[{"href":"https:\/\/www.cdlpv.org\/dtl\/wp-json\/wp\/v2\/types\/post"}],"author":[{"embeddable":true,"href":"https:\/\/www.cdlpv.org\/dtl\/wp-json\/wp\/v2\/users\/2"}],"replies":[{"embeddable":true,"href":"https:\/\/www.cdlpv.org\/dtl\/wp-json\/wp\/v2\/comments?post=1355"}],"version-history":[{"count":0,"href":"https:\/\/www.cdlpv.org\/dtl\/wp-json\/wp\/v2\/posts\/1355\/revisions"}],"wp:attachment":[{"href":"https:\/\/www.cdlpv.org\/dtl\/wp-json\/wp\/v2\/media?parent=1355"}],"wp:term":[{"taxonomy":"category","embeddable":true,"href":"https:\/\/www.cdlpv.org\/dtl\/wp-json\/wp\/v2\/categories?post=1355"},{"taxonomy":"post_tag","embeddable":true,"href":"https:\/\/www.cdlpv.org\/dtl\/wp-json\/wp\/v2\/tags?post=1355"}],"curies":[{"name":"wp","href":"https:\/\/api.w.org\/{rel}","templated":true}]}}