{"id":1350,"date":"2009-11-12T12:11:33","date_gmt":"2009-11-12T11:11:33","guid":{"rendered":"http:\/\/www.cdlpv.org\/dtl\/?p=1350"},"modified":"2009-11-12T12:11:33","modified_gmt":"2009-11-12T11:11:33","slug":"oferta-laboral-en-canals","status":"publish","type":"post","link":"https:\/\/www.cdlpv.org\/dtl\/2009\/11\/12\/oferta-laboral-en-canals\/","title":{"rendered":"Oferta laboral en Canals"},"content":{"rendered":"<p>Ferran Isabel ens informa a trav\u00e9s d&#8217;Infoz\u00e8fir de l&#8217;oferta laboral seg\u00fcent:<\/p>\n<blockquote>\n<h2>Professorat de valenci\u00e0 a Canals (la Costera)<\/h2>\n<p>Necessiten un professor de valenci\u00e0 (llicenciat en filologia catalana o mestre de valenci\u00e0) per a un curs de 60 hores a Canals (la Costera):<\/p>\n<p>\u2014 Adre\u00e7at a pares i mares de l&#8217;escola.<br \/>\n\u2014 Curs de 60 hores, nivell mitj\u00e0.<br \/>\n\u2014 Dos vesprades a la setmana (1,5 hores o 2 hores per sessi\u00f3), dep\u00e9n de quan comen\u00e7ara el curs.<br \/>\n\u2014 Es paguen 15 euros nets per hora, amb contracte.<br \/>\n\u2014 Horari: entre les 15.00 i les 17.30 h<\/p>\n<p>Les persones interessades s&#8217;han d&#8217;adre\u00e7ar a:<br \/>\nA\/e: <a href=\"mailto:costera@fev.org\" target=\"_blank\"><em>costera@fev.org<\/em><\/a><br \/>\nTel.: 660 434 488 (Carlos)<\/p>\n<p>Font: Carlos Cabello (Escola Valenciana, la Costera)\n<\/p><\/blockquote>\n","protected":false},"excerpt":{"rendered":"<p>Ferran Isabel ens informa a trav\u00e9s d&#8217;Infoz\u00e8fir de l&#8217;oferta laboral seg\u00fcent: Professorat de valenci\u00e0 a Canals (la Costera) Necessiten un professor de valenci\u00e0 (llicenciat en filologia catalana o mestre de valenci\u00e0) per a un curs de 60 hores a Canals (la Costera): \u2014 Adre\u00e7at a pares i mares de l&#8217;escola. \u2014 Curs de 60 hores, [&hellip;]<\/p>\n","protected":false},"author":2,"featured_media":0,"comment_status":"open","ping_status":"open","sticky":false,"template":"","format":"standard","meta":{"footnotes":""},"categories":[43,45,1,15],"tags":[87,156],"class_list":["post-1350","post","type-post","status-publish","format-standard","hentry","category-concursos","category-ensenyament","category-general","category-laboral","tag-canals","tag-docencia"],"_links":{"self":[{"href":"https:\/\/www.cdlpv.org\/dtl\/wp-json\/wp\/v2\/posts\/1350","targetHints":{"allow":["GET"]}}],"collection":[{"href":"https:\/\/www.cdlpv.org\/dtl\/wp-json\/wp\/v2\/posts"}],"about":[{"href":"https:\/\/www.cdlpv.org\/dtl\/wp-json\/wp\/v2\/types\/post"}],"author":[{"embeddable":true,"href":"https:\/\/www.cdlpv.org\/dtl\/wp-json\/wp\/v2\/users\/2"}],"replies":[{"embeddable":true,"href":"https:\/\/www.cdlpv.org\/dtl\/wp-json\/wp\/v2\/comments?post=1350"}],"version-history":[{"count":0,"href":"https:\/\/www.cdlpv.org\/dtl\/wp-json\/wp\/v2\/posts\/1350\/revisions"}],"wp:attachment":[{"href":"https:\/\/www.cdlpv.org\/dtl\/wp-json\/wp\/v2\/media?parent=1350"}],"wp:term":[{"taxonomy":"category","embeddable":true,"href":"https:\/\/www.cdlpv.org\/dtl\/wp-json\/wp\/v2\/categories?post=1350"},{"taxonomy":"post_tag","embeddable":true,"href":"https:\/\/www.cdlpv.org\/dtl\/wp-json\/wp\/v2\/tags?post=1350"}],"curies":[{"name":"wp","href":"https:\/\/api.w.org\/{rel}","templated":true}]}}