{"id":1348,"date":"2009-11-10T14:51:53","date_gmt":"2009-11-10T13:51:53","guid":{"rendered":"http:\/\/www.cdlpv.org\/dtl\/?p=1348"},"modified":"2017-02-17T12:30:52","modified_gmt":"2017-02-17T11:30:52","slug":"noms-oficials-dels-municipis-valencians-calp-ares-i-real","status":"publish","type":"post","link":"https:\/\/www.cdlpv.org\/dtl\/2009\/11\/10\/noms-oficials-dels-municipis-valencians-calp-ares-i-real\/","title":{"rendered":"Denominacions oficials: Calp, Ares del Maestrat i Real"},"content":{"rendered":"<p>Les poblacions de Calp, Real i Ares del Maestrat han fixat el seu nom oficial en valenci\u00e0, segons podem llegir en el <em>Diari Oficial de la Comunitat Valenciana:<\/em><\/p>\n<blockquote>\n<ul>\n<li>Decret 204\/2009, de 6 de novembre, del Consell, pel qual s&#8217;aprova el canvi de denominaci\u00f3 del municipi d&#8217;Ares del Maestre per la forma exclusiva en valenci\u00e0 d&#8217;Ares del Maestrat. (<span class=\"versaleta\"><em>docv<\/em><\/span> n\u00famero 6.141 de data 10.11.2009) <a href=\"https:\/\/www.docv.gva.es\/portal\/portal\/2009\/11\/10\/pdf\/2009_12817.pdf\" target=\"_blank\"><span class=\"versaleta\">[pdf]<\/span><\/a><\/li>\n<li>Decret 126\/2009, de 28 d&#8217;agost, del Consell, pel qual s&#8217;aprova el canvi de denominaci\u00f3 del municipi de Real de Montroi per la forma exclusiva en valenci\u00e0 de Real. (<span class=\"versaleta\"><em>docv<\/em><\/span> n\u00famero 6.092 de data 01.09.2009) <a href=\"https:\/\/www.docv.gva.es\/portal\/portal\/2009\/09\/01\/pdf\/2009_9787.pdf\" target=\"_blank\"><span class=\"versaleta\">[pdf]<\/span><\/a><\/li>\n<li>Decret 125\/2009, de 28 d&#8217;agost, del Consell, pel qual s&#8217;aprova el canvi de denominaci\u00f3 del municipi de Calp\/Calpe per la forma exclusiva en valenci\u00e0 de Calp. [2009\/9785] (<span class=\"versaleta\"><em>docv<\/em><\/span> n\u00famero 6.092 de data 01.09.2009) <a href=\"https:\/\/www.docv.gva.es\/portal\/portal\/2009\/09\/01\/pdf\/2009_9785.pdf\" target=\"_blank\"><span class=\"versaleta\">[pdf]<\/span><\/a><\/li>\n<\/ul>\n<\/blockquote>\n<p>M\u00e9s dades sobre les denominacions oficials dels municipis valencians en la <a href=\"http:\/\/www.einesdellengua.com\/Fitxes\/Textos\/P\/pobles.htm\" target=\"_blank\">fitxa<\/a> de municipis i comarques del Pa\u00eds Valenci\u00e0 i en la <a href=\"http:\/\/www.einesdellengua.com\/Legis\/Entorn.htm\" target=\"_blank\">secci\u00f3<\/a> de legislaci\u00f3 ling\u00fc\u00edstica.<\/p>\n","protected":false},"excerpt":{"rendered":"<p>Les poblacions de Calp, Real i Ares del Maestrat han fixat el seu nom oficial en valenci\u00e0, segons podem llegir en el Diari Oficial de la Comunitat Valenciana: Decret 204\/2009, de 6 de novembre, del Consell, pel qual s&#8217;aprova el canvi de denominaci\u00f3 del municipi d&#8217;Ares del Maestre per la forma exclusiva en valenci\u00e0 d&#8217;Ares [&hellip;]<\/p>\n","protected":false},"author":2,"featured_media":0,"comment_status":"open","ping_status":"open","sticky":false,"template":"","format":"standard","meta":{"footnotes":""},"categories":[1,32],"tags":[274,372],"class_list":["post-1348","post","type-post","status-publish","format-standard","hentry","category-general","category-toponimia","tag-legislacio","tag-pobles"],"_links":{"self":[{"href":"https:\/\/www.cdlpv.org\/dtl\/wp-json\/wp\/v2\/posts\/1348","targetHints":{"allow":["GET"]}}],"collection":[{"href":"https:\/\/www.cdlpv.org\/dtl\/wp-json\/wp\/v2\/posts"}],"about":[{"href":"https:\/\/www.cdlpv.org\/dtl\/wp-json\/wp\/v2\/types\/post"}],"author":[{"embeddable":true,"href":"https:\/\/www.cdlpv.org\/dtl\/wp-json\/wp\/v2\/users\/2"}],"replies":[{"embeddable":true,"href":"https:\/\/www.cdlpv.org\/dtl\/wp-json\/wp\/v2\/comments?post=1348"}],"version-history":[{"count":1,"href":"https:\/\/www.cdlpv.org\/dtl\/wp-json\/wp\/v2\/posts\/1348\/revisions"}],"predecessor-version":[{"id":3050,"href":"https:\/\/www.cdlpv.org\/dtl\/wp-json\/wp\/v2\/posts\/1348\/revisions\/3050"}],"wp:attachment":[{"href":"https:\/\/www.cdlpv.org\/dtl\/wp-json\/wp\/v2\/media?parent=1348"}],"wp:term":[{"taxonomy":"category","embeddable":true,"href":"https:\/\/www.cdlpv.org\/dtl\/wp-json\/wp\/v2\/categories?post=1348"},{"taxonomy":"post_tag","embeddable":true,"href":"https:\/\/www.cdlpv.org\/dtl\/wp-json\/wp\/v2\/tags?post=1348"}],"curies":[{"name":"wp","href":"https:\/\/api.w.org\/{rel}","templated":true}]}}