{"id":1346,"date":"2009-11-06T09:40:35","date_gmt":"2009-11-06T08:40:35","guid":{"rendered":"http:\/\/www.cdlpv.org\/dtl\/?p=1346"},"modified":"2009-11-06T09:40:35","modified_gmt":"2009-11-06T08:40:35","slug":"oferta-laboral-en-alacant","status":"publish","type":"post","link":"https:\/\/www.cdlpv.org\/dtl\/2009\/11\/06\/oferta-laboral-en-alacant\/","title":{"rendered":"Oferta laboral en Alacant"},"content":{"rendered":"<p>Ferran Isabel ens envia a trav\u00e9s d&#8217;Infoz\u00e8fir l&#8217;oferta seg\u00fcent:<\/p>\n<blockquote>\n<h2>Oferta de faena per a professor de valenci\u00e0<\/h2>\n<p><strong>Nivell:<\/strong> Superior<br \/>\n<strong>Lloc:<\/strong> DT Economia, Hisenda i Ocupaci\u00f3, c\/ Churruca, 25. 03003 Alacant<br \/>\n<strong>Horari:<\/strong> dilluns o dimecres de 16.30 a 19.00 h<\/p>\n<p>Les persones interessades poden posar-se en contacte amb Jaume Sell\u00e9s a trav\u00e9s del tel\u00e8fon 965 934 414 o de l&#8217;adre\u00e7a electr\u00f2nica <a href=\"mailto:selles_jau@gva.es\" target=\"_blank\"><em>selles_jau@gva.es<\/em><\/a>.<\/p>\n<p><strong>Font:<\/strong> Jaume Sell\u00e9s (Conselleria d&#8217;Educaci\u00f3. Generalitat valenciana)\n<\/p><\/blockquote>\n","protected":false},"excerpt":{"rendered":"<p>Ferran Isabel ens envia a trav\u00e9s d&#8217;Infoz\u00e8fir l&#8217;oferta seg\u00fcent: Oferta de faena per a professor de valenci\u00e0 Nivell: Superior Lloc: DT Economia, Hisenda i Ocupaci\u00f3, c\/ Churruca, 25. 03003 Alacant Horari: dilluns o dimecres de 16.30 a 19.00 h Les persones interessades poden posar-se en contacte amb Jaume Sell\u00e9s a trav\u00e9s del tel\u00e8fon 965 934 [&hellip;]<\/p>\n","protected":false},"author":2,"featured_media":0,"comment_status":"open","ping_status":"open","sticky":false,"template":"","format":"standard","meta":{"footnotes":""},"categories":[43,1,15],"tags":[54],"class_list":["post-1346","post","type-post","status-publish","format-standard","hentry","category-concursos","category-general","category-laboral","tag-alacant"],"_links":{"self":[{"href":"https:\/\/www.cdlpv.org\/dtl\/wp-json\/wp\/v2\/posts\/1346","targetHints":{"allow":["GET"]}}],"collection":[{"href":"https:\/\/www.cdlpv.org\/dtl\/wp-json\/wp\/v2\/posts"}],"about":[{"href":"https:\/\/www.cdlpv.org\/dtl\/wp-json\/wp\/v2\/types\/post"}],"author":[{"embeddable":true,"href":"https:\/\/www.cdlpv.org\/dtl\/wp-json\/wp\/v2\/users\/2"}],"replies":[{"embeddable":true,"href":"https:\/\/www.cdlpv.org\/dtl\/wp-json\/wp\/v2\/comments?post=1346"}],"version-history":[{"count":0,"href":"https:\/\/www.cdlpv.org\/dtl\/wp-json\/wp\/v2\/posts\/1346\/revisions"}],"wp:attachment":[{"href":"https:\/\/www.cdlpv.org\/dtl\/wp-json\/wp\/v2\/media?parent=1346"}],"wp:term":[{"taxonomy":"category","embeddable":true,"href":"https:\/\/www.cdlpv.org\/dtl\/wp-json\/wp\/v2\/categories?post=1346"},{"taxonomy":"post_tag","embeddable":true,"href":"https:\/\/www.cdlpv.org\/dtl\/wp-json\/wp\/v2\/tags?post=1346"}],"curies":[{"name":"wp","href":"https:\/\/api.w.org\/{rel}","templated":true}]}}