{"id":1340,"date":"2009-11-04T11:24:38","date_gmt":"2009-11-04T10:24:38","guid":{"rendered":"http:\/\/www.cdlpv.org\/dtl\/?p=1340"},"modified":"2009-11-04T11:24:38","modified_gmt":"2009-11-04T10:24:38","slug":"una-faceta-laboral-de-la-difusio-de-lespanyol","status":"publish","type":"post","link":"https:\/\/www.cdlpv.org\/dtl\/2009\/11\/04\/una-faceta-laboral-de-la-difusio-de-lespanyol\/","title":{"rendered":"Una faceta laboral de la difusi\u00f3 de l&#8217;espanyol"},"content":{"rendered":"<p>Abans que l&#8217;espanyolisme ling\u00fc\u00edstic se n&#8217;ixca del planeta i aconseguixca arribar imperialment a <em>Proxima Centauri,<\/em> convindria contrastar la pol\u00edtica estatal que hi ha darrere d&#8217;aix\u00f2. Per una banda tenim (<em>El Pa\u00eds,<\/em> 03.11.2009):<\/p>\n<blockquote>\n<h2>L&#8217;espanyol \u00e9s el segon idioma matern del m\u00f3n<\/h2>\n<p>\u00abL&#8217;epanyol no est\u00e0 en crisi, tampoc l&#8217;Institut Cervantes\u00bb. Aix\u00ed d&#8217;optimista es mostr\u00e0 ahir la seua directora, Carmen Caffarel, abans de la reuni\u00f3 anual del patronat.\n<\/p><\/blockquote>\n<p>Per\u00f2, per una altra banda, S\u00edlvia Senz <a href=\"http:\/\/addendaetcorrigenda.blogia.com\/\" target=\"_blank\"><em>(Addendaetcorrigenda)<\/em><\/a> ens d\u00f3na a con\u00e9ixer altres facetes de la gesti\u00f3 d&#8217;eixe institut:<\/p>\n<blockquote>\n<ul>\n<li>El lado oscuro del espa\u00f1ol como recurso econ\u00f3mico (ERE): sentencia contra el Instituto Cervantes en Brasil por contrataci\u00f3n irregular de profesores <a href=\"http:\/\/addendaetcorrigenda.blogia.com\/2009\/102701-el-lado-oscuro-del-espanol-como-recurso-economico-ere-sentencia-contra-el-instit.php\" target=\"_blank\">[Veg.]<\/a>\n<li>Explotaci\u00f3n laboral en la meca del castellano <a href=\"http:\/\/www.diagonalperiodico.net\/Cada-centro-del-Cervantes-es.html\" target=\"_blank\">[Veg.]<\/a>\n<li>Unas 20 personas deciden crear el Trastero del Cervantes con el objetivo de informar sobre las ilegalidades que se cometen desde hace a\u00f1os <a href=\"http:\/\/xornalgalicia.com\/modules.php?op=modload&#038;name=News&#038;file=article&#038;sid=60270\" target=\"_blank\">[Veg.]<\/a>\n<li>El Cervantes no se olvida de la cultura del mobbing laboral y la subcontrataci\u00f3n <a href=\"http:\/\/www.rebelion.org\/noticia.php?id=78753\" target=\"_blank\">[Veg.]<\/a>\n<li>Grijelmo en la picota, o malos tiempos para los capitostes de la pol\u00edtica ling\u00fc\u00edstica y cultural espa\u00f1ola <a href=\"http:\/\/addendaetcorrigenda.blogia.com\/2009\/110202-grijelmo-en-la-picota-o-malos-tiempos-para-los-capitostes-de-la-politica-linguis.php\" target=\"_blank\">[Veg.]<\/a>\n<li>El lado oscuro del espa\u00f1ol como recurso econ\u00f3mico (ERE): sentencia contra el Instituto Cervantes en Brasil por contrataci\u00f3n irregular de profesores <a href=\"http:\/\/addendaetcorrigenda.blogia.com\/2009\/102701-el-lado-oscuro-del-espanol-como-recurso-economico-ere-sentencia-contra-el-instit.php\" target=\"_blank\">[Veg.]<\/a>\n<li>Los trabajadores del Instituto Cervantes se organizan para denunciar su situaci\u00f3n, pese al ninguneo de los medios <a href=\"http:\/\/addendaetcorrigenda.blogia.com\/2009\/110201-los-trabajadores-del-instituto-cervantes-se-organizan-para-denunciar-su-situacio.php\" target=\"_blank\">[Veg.]<\/a>\n<li>RAE rica, trabajadores pobres <a href=\"http:\/\/addendaetcorrigenda.blogia.com\/2008\/101302-rae-rica-trabajadores-pobres.php\" target=\"_blank\">[Veg.]<\/a>\n<\/p><\/blockquote>\n","protected":false},"excerpt":{"rendered":"<p>Abans que l&#8217;espanyolisme ling\u00fc\u00edstic se n&#8217;ixca del planeta i aconseguixca arribar imperialment a Proxima Centauri, convindria contrastar la pol\u00edtica estatal que hi ha darrere d&#8217;aix\u00f2. Per una banda tenim (El Pa\u00eds, 03.11.2009): L&#8217;espanyol \u00e9s el segon idioma matern del m\u00f3n \u00abL&#8217;epanyol no est\u00e0 en crisi, tampoc l&#8217;Institut Cervantes\u00bb. Aix\u00ed d&#8217;optimista es mostr\u00e0 ahir la seua [&hellip;]<\/p>\n","protected":false},"author":2,"featured_media":0,"comment_status":"open","ping_status":"open","sticky":false,"template":"","format":"standard","meta":{"footnotes":""},"categories":[4,1,15],"tags":[246],"class_list":["post-1340","post","type-post","status-publish","format-standard","hentry","category-dret","category-general","category-laboral","tag-institut-cervantes"],"_links":{"self":[{"href":"https:\/\/www.cdlpv.org\/dtl\/wp-json\/wp\/v2\/posts\/1340","targetHints":{"allow":["GET"]}}],"collection":[{"href":"https:\/\/www.cdlpv.org\/dtl\/wp-json\/wp\/v2\/posts"}],"about":[{"href":"https:\/\/www.cdlpv.org\/dtl\/wp-json\/wp\/v2\/types\/post"}],"author":[{"embeddable":true,"href":"https:\/\/www.cdlpv.org\/dtl\/wp-json\/wp\/v2\/users\/2"}],"replies":[{"embeddable":true,"href":"https:\/\/www.cdlpv.org\/dtl\/wp-json\/wp\/v2\/comments?post=1340"}],"version-history":[{"count":0,"href":"https:\/\/www.cdlpv.org\/dtl\/wp-json\/wp\/v2\/posts\/1340\/revisions"}],"wp:attachment":[{"href":"https:\/\/www.cdlpv.org\/dtl\/wp-json\/wp\/v2\/media?parent=1340"}],"wp:term":[{"taxonomy":"category","embeddable":true,"href":"https:\/\/www.cdlpv.org\/dtl\/wp-json\/wp\/v2\/categories?post=1340"},{"taxonomy":"post_tag","embeddable":true,"href":"https:\/\/www.cdlpv.org\/dtl\/wp-json\/wp\/v2\/tags?post=1340"}],"curies":[{"name":"wp","href":"https:\/\/api.w.org\/{rel}","templated":true}]}}