{"id":1337,"date":"2009-11-04T10:24:06","date_gmt":"2009-11-04T09:24:06","guid":{"rendered":"http:\/\/www.cdlpv.org\/dtl\/?p=1337"},"modified":"2009-11-04T10:24:06","modified_gmt":"2009-11-04T09:24:06","slug":"conferencies-sobre-les-normalitzacions-linguistiques-reeixides","status":"publish","type":"post","link":"https:\/\/www.cdlpv.org\/dtl\/2009\/11\/04\/conferencies-sobre-les-normalitzacions-linguistiques-reeixides\/","title":{"rendered":"Confer\u00e8ncies sobre les normalitzacions ling\u00fc\u00edstiques reeixides"},"content":{"rendered":"<p>Ferran Isabel ens fa arribar a trav\u00e9s d&#8217;Infoz\u00e8fir la informaci\u00f3 seg\u00fcent:<\/p>\n<blockquote>\n<h2><span class=\"versaleta\">acpv<\/span> convida representants del Quebec, Flandes, Litu\u00e0nia i Let\u00f2nia a explicar les seues pol\u00edtiques ling\u00fc\u00edstiques<\/h2>\n<p>Avui, a les 19 hores, a l&#8217;Octubre Centre de Cultura Contempor\u00e0nia:<\/p>\n<p>\u00abEl cas del Quebec: construcci\u00f3 nacional i normalitzaci\u00f3 ling\u00fc\u00edstica\u00bb a c\u00e0rrec de Claude Fleury, director de l&#8217;Oficina del Govern del Quebec a l&#8217;Estat Espanyol. Antoni Furi\u00f3, director de Publicacions de la Universitat de Val\u00e8ncia, presentar\u00e0 el ponent.<\/p>\n<hr>\n<\/hr>\n<p>La confer\u00e8ncia s&#8217;inscriu dins les Jornades sobre les Normalitzacions Reeixides que ha organitzat l&#8217;Institut de Pol\u00edtica Ling\u00fc\u00edstica d&#8217;<span class=\"versaleta\">acpv<\/span>. L&#8217;objectiu d&#8217;aquestes jornades \u00e9s donar a con\u00e8ixer els processos de normalitzaci\u00f3 ling\u00fc\u00edstica del nostre context europeu i occidental en qu\u00e8 la normalitat ha triomfat i que ens poden servir de model i inspiraci\u00f3.<\/p>\n<p>El processos que s&#8217;estudiaran s\u00f3n quatre: el Quebec, Flandes, Litu\u00e0nia i Let\u00f2nia, a m\u00e9s d&#8217;una sessi\u00f3 espec\u00edfica dedicada a la situaci\u00f3 de la llengua catalana. En tots els casos, seran experts d&#8217;aquests territoris els qui expliquen quines han estat les passes que s&#8217;han fet per a aconseguir-ho.<\/p>\n<p>Les jornades tindran lloc tots els dimecres del mes de novembre i el primer de desembre i sempre a les 19 hores. Aix\u00ed doncs, la primera confer\u00e8ncia \u00e9s la del 4 de novembre amb \u00abEl cas del Quebec: construcci\u00f3 nacional i normalitzaci\u00f3 ling\u00fc\u00edstica\u00bb, que anir\u00e0 a c\u00e0rrec de Claude Fleury, director de l&#8217;Oficina del Govern de Quebec a l&#8217;Estat espanyol. Antoni Furi\u00f3, director de Publicacions de la Universitat de Val\u00e8ncia, presentar\u00e0 el ponent. El Quebec \u00e9s un pa\u00eds de llengua francesa que, des de la d\u00e8cada de 1960, ha reeixit a implantar un alt grau de normalitzaci\u00f3 ling\u00fc\u00edstica dins d&#8217;un estat federal, el Canad\u00e0, en qu\u00e8 la llengua i cultura anglesa \u00e9s \u00e0mpliament majorit\u00e0ria, i el Quebec \u00e9s una particularitat.<\/p>\n<hr>\n<\/hr>\n<p>La resta de confer\u00e8ncies abordaran:<\/p>\n<ul>\n<li>\u00abL&#8217;estat federal belga i l&#8217;estatus del neerland\u00e8s a Flandes (des d&#8217;una perspectiva hist\u00f2rica)\u00bb. Dimecres 11 de novembre, a c\u00e0rrec de Guy Janssens, professor de Ling\u00fc\u00edstica Neerlandesa al Departament de Llengua i Literatures Germ\u00e0niques de la Universitat de Lieja.\n<li>\u00abIntroducci\u00f3 als processos de normalitzaci\u00f3 ling\u00fc\u00edstica i la necessitat d&#8217;una legislaci\u00f3 que els doni suport\u00bb. Dimecres 18 de novembre, a c\u00e0rrec de Bernat Joan i Mar\u00ed, secretari de Pol\u00edtica Ling\u00fc\u00edstica de la Generalitat de Catalunya.\n<li>\u00abLa independ\u00e8ncia de Litu\u00e0nia i el proc\u00e9s de normalitzaci\u00f3 ling\u00fc\u00edstica estatal\u00bb. Dimecres 25 de novembre, a c\u00e0rrec de Jolanta Zabarskaite, professora associada, doctora en Filosofia i directora de l&#8217;Institut de la Llengua Lituana.\n<li>\u00abLa independ\u00e8ncia de let\u00f2nia i el proc\u00e9s de normalitzaci\u00f3 ling\u00fc\u00edstica als pa\u00efsos b\u00e0ltics\u00bb. Dimecres 2 de desembre, a c\u00e0rrec de Daina Teters, catedr\u00e0tica de Filosofia i vicerectora de Recerca de l&#8217;Acad\u00e8mia de Cultura de Let\u00f2nia.\n<\/ul>\n<p>L&#8217;Institut de Pol\u00edtica Ling\u00fc\u00edstica t\u00e9 com a objectiu fonamental definir i proposar actuacions per a avan\u00e7ar en la normalitzaci\u00f3 social del catal\u00e0, sobretot al Pa\u00eds Valenci\u00e0.<\/p>\n<p>Font: Francesc Esteve (Institut de Pol\u00edtica Ling\u00fc\u00edstica d&#8217;<span class=\"versaleta\">acpv<\/span>)\n<\/p><\/blockquote>\n","protected":false},"excerpt":{"rendered":"<p>Ferran Isabel ens fa arribar a trav\u00e9s d&#8217;Infoz\u00e8fir la informaci\u00f3 seg\u00fcent: acpv convida representants del Quebec, Flandes, Litu\u00e0nia i Let\u00f2nia a explicar les seues pol\u00edtiques ling\u00fc\u00edstiques Avui, a les 19 hores, a l&#8217;Octubre Centre de Cultura Contempor\u00e0nia: \u00abEl cas del Quebec: construcci\u00f3 nacional i normalitzaci\u00f3 ling\u00fc\u00edstica\u00bb a c\u00e0rrec de Claude Fleury, director de l&#8217;Oficina del [&hellip;]<\/p>\n","protected":false},"author":2,"featured_media":0,"comment_status":"open","ping_status":"open","sticky":false,"template":"","format":"standard","meta":{"footnotes":""},"categories":[2,4,10,1,19,27],"tags":[48,112],"class_list":["post-1337","post","type-post","status-publish","format-standard","hentry","category-comunicacio","category-dret","category-formacio","category-general","category-politica","category-sociolinguistica","tag-acpv","tag-conferencies"],"_links":{"self":[{"href":"https:\/\/www.cdlpv.org\/dtl\/wp-json\/wp\/v2\/posts\/1337","targetHints":{"allow":["GET"]}}],"collection":[{"href":"https:\/\/www.cdlpv.org\/dtl\/wp-json\/wp\/v2\/posts"}],"about":[{"href":"https:\/\/www.cdlpv.org\/dtl\/wp-json\/wp\/v2\/types\/post"}],"author":[{"embeddable":true,"href":"https:\/\/www.cdlpv.org\/dtl\/wp-json\/wp\/v2\/users\/2"}],"replies":[{"embeddable":true,"href":"https:\/\/www.cdlpv.org\/dtl\/wp-json\/wp\/v2\/comments?post=1337"}],"version-history":[{"count":0,"href":"https:\/\/www.cdlpv.org\/dtl\/wp-json\/wp\/v2\/posts\/1337\/revisions"}],"wp:attachment":[{"href":"https:\/\/www.cdlpv.org\/dtl\/wp-json\/wp\/v2\/media?parent=1337"}],"wp:term":[{"taxonomy":"category","embeddable":true,"href":"https:\/\/www.cdlpv.org\/dtl\/wp-json\/wp\/v2\/categories?post=1337"},{"taxonomy":"post_tag","embeddable":true,"href":"https:\/\/www.cdlpv.org\/dtl\/wp-json\/wp\/v2\/tags?post=1337"}],"curies":[{"name":"wp","href":"https:\/\/api.w.org\/{rel}","templated":true}]}}