{"id":1330,"date":"2009-10-30T14:16:13","date_gmt":"2009-10-30T13:16:13","guid":{"rendered":"http:\/\/www.cdlpv.org\/dtl\/?p=1330"},"modified":"2009-10-30T14:16:13","modified_gmt":"2009-10-30T13:16:13","slug":"www-einesdellengua-com","status":"publish","type":"post","link":"https:\/\/www.cdlpv.org\/dtl\/2009\/10\/30\/www-einesdellengua-com\/","title":{"rendered":"www.einesdellengua.com"},"content":{"rendered":"<caption id=\"attachment_1331\" align=\"alignright\" width=\"214\" caption=\"Eines de Llengua\"><a href=\"http:\/\/www.einesdellengua.com\"><img loading=\"lazy\" decoding=\"async\" src=\"http:\/\/www.cdlpv.org\/dtl\/wp-content\/uploads\/2009\/10\/einesdellengua1.png\" alt=\"Eines de Llengua\" title=\"einesdellengua\" width=\"214\" height=\"92\" class=\"size-full wp-image-1331\" srcset=\"https:\/\/www.cdlpv.org\/dtl\/wp-content\/uploads\/2009\/10\/einesdellengua1.png 214w, https:\/\/www.cdlpv.org\/dtl\/wp-content\/uploads\/2009\/10\/einesdellengua1-150x64.png 150w\" sizes=\"auto, (max-width: 214px) 100vw, 214px\" \/><\/a><\/caption>\n<p>El web Eines de Llengua, el servei de la Coordinadora de Dinamitzaci\u00f3 Ling\u00fc\u00edstica del Pa\u00eds Valenci\u00e0 (<span class=\"versaleta\">cdlpv<\/span>) en Internet, a causa del tancament de Geocities i de la remodelaci\u00f3 de l&#8217;allotjament de webs en Yahoo!, ha hagut de canviar la seua adre\u00e7a principal.<\/p>\n<p>Aix\u00f2 ha perm\u00e9s que el web Eines de Llengua dispose ara de dos dominis propis:<\/p>\n<blockquote><p>\n<strong><a href=\"http:\/\/www.einesdellengua.com\" target=\"_blank\"><em>www.einesdellengua.com<\/a><\/em><\/p>\n<p><a href=\"http:\/\/www.einesdellengua.org\" target=\"_blank\"><em>www.einesdellengua.org<\/a><\/em><\/strong>\n<\/p><\/blockquote>\n<p>Per aix\u00f2 ja no funcionen les adreces que contenen la ruta <em>www.geocities.com\/golls.geo<\/em>, ja que ara eixa ruta ha estat substitu\u00efda per <em>www.einesdellengua.com<\/em>.<\/p>\n<p>Esperem que tingau cap problema per a accedir-hi i que el web continue sent-vos \u00fatil.<\/p>\n","protected":false},"excerpt":{"rendered":"<p>El web Eines de Llengua, el servei de la Coordinadora de Dinamitzaci\u00f3 Ling\u00fc\u00edstica del Pa\u00eds Valenci\u00e0 (cdlpv) en Internet, a causa del tancament de Geocities i de la remodelaci\u00f3 de l&#8217;allotjament de webs en Yahoo!, ha hagut de canviar la seua adre\u00e7a principal. Aix\u00f2 ha perm\u00e9s que el web Eines de Llengua dispose ara de [&hellip;]<\/p>\n","protected":false},"author":2,"featured_media":0,"comment_status":"open","ping_status":"open","sticky":false,"template":"","format":"standard","meta":{"footnotes":""},"categories":[2,6,1],"tags":[249],"class_list":["post-1330","post","type-post","status-publish","format-standard","hentry","category-comunicacio","category-eines-de-llengua","category-general","tag-internet"],"_links":{"self":[{"href":"https:\/\/www.cdlpv.org\/dtl\/wp-json\/wp\/v2\/posts\/1330","targetHints":{"allow":["GET"]}}],"collection":[{"href":"https:\/\/www.cdlpv.org\/dtl\/wp-json\/wp\/v2\/posts"}],"about":[{"href":"https:\/\/www.cdlpv.org\/dtl\/wp-json\/wp\/v2\/types\/post"}],"author":[{"embeddable":true,"href":"https:\/\/www.cdlpv.org\/dtl\/wp-json\/wp\/v2\/users\/2"}],"replies":[{"embeddable":true,"href":"https:\/\/www.cdlpv.org\/dtl\/wp-json\/wp\/v2\/comments?post=1330"}],"version-history":[{"count":0,"href":"https:\/\/www.cdlpv.org\/dtl\/wp-json\/wp\/v2\/posts\/1330\/revisions"}],"wp:attachment":[{"href":"https:\/\/www.cdlpv.org\/dtl\/wp-json\/wp\/v2\/media?parent=1330"}],"wp:term":[{"taxonomy":"category","embeddable":true,"href":"https:\/\/www.cdlpv.org\/dtl\/wp-json\/wp\/v2\/categories?post=1330"},{"taxonomy":"post_tag","embeddable":true,"href":"https:\/\/www.cdlpv.org\/dtl\/wp-json\/wp\/v2\/tags?post=1330"}],"curies":[{"name":"wp","href":"https:\/\/api.w.org\/{rel}","templated":true}]}}