{"id":1328,"date":"2009-10-28T14:45:02","date_gmt":"2009-10-28T13:45:02","guid":{"rendered":"http:\/\/www.cdlpv.org\/dtl\/?p=1328"},"modified":"2009-10-28T14:45:02","modified_gmt":"2009-10-28T13:45:02","slug":"el-requisit-linguistic-i-la-retorica-sindical-2","status":"publish","type":"post","link":"https:\/\/www.cdlpv.org\/dtl\/2009\/10\/28\/el-requisit-linguistic-i-la-retorica-sindical-2\/","title":{"rendered":"El requisit ling\u00fc\u00edstic i la ret\u00f2rica sindical \/ 2"},"content":{"rendered":"<p>Continuant amb els articles d&#8217;anada i tornada entre el secretari de comunicaci\u00f3 i pol\u00edtica ling\u00fc\u00edstica de <span class=\"versaleta\">cc oo<\/span> i Francesc Esteve, membre de l&#8217;Institut de Pol\u00edtica Ling\u00fc\u00edstica d&#8217;ACPV (veg. \u00abEl requisit ling\u00fc\u00edstic i la ret\u00f2rica sindical\u00bb, <span class=\"versaleta\"><em>dtl<\/em><\/span>, <a href=\"http:\/\/www.cdlpv.org\/dtl\/?p=1286\" target=\"_blank\">29.09.2009<\/a>), en podem llegir dos m\u00e9s:<\/p>\n<blockquote><p>\n6. Ferran Vicent Garc\u00eda Ferrer: \u00abEl requisit ling\u00fc\u00edstic: un conte contat al rev\u00e9s\u00bb, <em>El Temps<\/em>, 13.10.2009 <a href=\"http:\/\/www.pv.ccoo.es\/ensenyament\/HTM-DOCS\/HTM-DOCS\/091013_1322ET026.pdf\" target=\"_blank\"><span class=\"versaleta\">[pdf]<\/span><\/a><br \/>\n7. Francesc Esteve: \u00abRequisit ling\u00fc\u00edstic: contes fant\u00e0stics i comptes clars\u00bb, <em>El Temps<\/em>, 27.10.2009\n<\/p><\/blockquote>\n","protected":false},"excerpt":{"rendered":"<p>Continuant amb els articles d&#8217;anada i tornada entre el secretari de comunicaci\u00f3 i pol\u00edtica ling\u00fc\u00edstica de cc oo i Francesc Esteve, membre de l&#8217;Institut de Pol\u00edtica Ling\u00fc\u00edstica d&#8217;ACPV (veg. \u00abEl requisit ling\u00fc\u00edstic i la ret\u00f2rica sindical\u00bb, dtl, 29.09.2009), en podem llegir dos m\u00e9s: 6. Ferran Vicent Garc\u00eda Ferrer: \u00abEl requisit ling\u00fc\u00edstic: un conte contat al [&hellip;]<\/p>\n","protected":false},"author":2,"featured_media":0,"comment_status":"open","ping_status":"open","sticky":false,"template":"","format":"standard","meta":{"footnotes":""},"categories":[36,4,1,15,19,24],"tags":[274,441],"class_list":["post-1328","post","type-post","status-publish","format-standard","hentry","category-allofobia","category-dret","category-general","category-laboral","category-politica","category-requisit-linguistic","tag-legislacio","tag-sindicats"],"_links":{"self":[{"href":"https:\/\/www.cdlpv.org\/dtl\/wp-json\/wp\/v2\/posts\/1328","targetHints":{"allow":["GET"]}}],"collection":[{"href":"https:\/\/www.cdlpv.org\/dtl\/wp-json\/wp\/v2\/posts"}],"about":[{"href":"https:\/\/www.cdlpv.org\/dtl\/wp-json\/wp\/v2\/types\/post"}],"author":[{"embeddable":true,"href":"https:\/\/www.cdlpv.org\/dtl\/wp-json\/wp\/v2\/users\/2"}],"replies":[{"embeddable":true,"href":"https:\/\/www.cdlpv.org\/dtl\/wp-json\/wp\/v2\/comments?post=1328"}],"version-history":[{"count":0,"href":"https:\/\/www.cdlpv.org\/dtl\/wp-json\/wp\/v2\/posts\/1328\/revisions"}],"wp:attachment":[{"href":"https:\/\/www.cdlpv.org\/dtl\/wp-json\/wp\/v2\/media?parent=1328"}],"wp:term":[{"taxonomy":"category","embeddable":true,"href":"https:\/\/www.cdlpv.org\/dtl\/wp-json\/wp\/v2\/categories?post=1328"},{"taxonomy":"post_tag","embeddable":true,"href":"https:\/\/www.cdlpv.org\/dtl\/wp-json\/wp\/v2\/tags?post=1328"}],"curies":[{"name":"wp","href":"https:\/\/api.w.org\/{rel}","templated":true}]}}