{"id":1326,"date":"2009-10-28T13:32:34","date_gmt":"2009-10-28T12:32:34","guid":{"rendered":"http:\/\/www.cdlpv.org\/dtl\/?p=1326"},"modified":"2009-10-28T13:32:34","modified_gmt":"2009-10-28T12:32:34","slug":"sociolinguistica-a-la-nucia","status":"publish","type":"post","link":"https:\/\/www.cdlpv.org\/dtl\/2009\/10\/28\/sociolinguistica-a-la-nucia\/","title":{"rendered":"Socioling\u00fc\u00edstica a la Nucia"},"content":{"rendered":"<p>Ferran Isabel ens informa a trav\u00e9s de la llista Infoz\u00e8fir del curs seg\u00fcent:<\/p>\n<blockquote>\n<h2><span class=\"versaleta\">xxii<\/span>\u00e9 Curs de socioling\u00fc\u00edstica de la Nucia \u00abEnsenyament, Difusi\u00f3 i \u00das de la Norma Ling\u00fc\u00edstica\u00bb (i 2)<\/h2>\n<p>\u2014 30-31 d&#8217;octubre i 6-7 de novembre de 2009<br \/>\n\u2014 Curs de 2 cr\u00e8dits (CECLEC-UA)<br \/>\n\u2014 Certificat de 30 hores de l&#8217;IEC-UA<\/p>\n<p>Dedicarem aquesta 22a edici\u00f3 dels Cursos de Socioling\u00fc\u00edstica de la Nucia a cloure la reflexi\u00f3 que vam encetar l\u2019any passat sobre la norma com a veritable fonament del proc\u00e9s de redre\u00e7ament de l\u2019\u00fas social de la llengua.<\/p>\n<p>Els ponents d\u2019enguany s\u2019ocuparan dels vessants intern i extern de la norma: la norma i la variaci\u00f3 territorial, l\u2019equilibri entre converg\u00e8ncia i diverg\u00e8ncia en la construcci\u00f3 de la norma, el paper que hi correspon a l\u2019expressi\u00f3 col\u00b7loquial, la norma gramatical, fon\u00e8tica i l\u00e8xica, la norma i la construcci\u00f3 d\u2019un model ling\u00fc\u00edstic percebut com a com\u00fa pels parlants&#8230; Hi ha en aquest curs un espai important per a l\u2019ensenyament de la norma.<\/p>\n<p><strong>Programa<\/strong><\/p>\n<p><strong>Divendres, 30 octubre, 2009<\/strong><br \/>\n15.30-16.00h Lliurament de materials als inscrits<br \/>\nActe d\u2019inauguraci\u00f3<br \/>\n16.00-17.30h Joan Veny (Universitat de Barcelona; Institut d\u2019Estudis Catalans). \u00abNorma i diatopia\u00bb<br \/>\n17.45-19.15h Maria Josep Cuenca (Universitat de Val\u00e8ncia; Institut d\u2019Estudis Catalans). \u00abConverg\u00e8ncia i diverg\u00e8ncia en la norma catalana actual\u00bb<br \/>\n19.30-21.30h Jaume Salvany\u00e0 (Assessor ling\u00fc\u00edstic del Grup Flaix). \u00abDescripci\u00f3 i prescripci\u00f3: la relaci\u00f3 entre l\u2019\u00fas i la norma\u00bb<\/p>\n<p><strong>Dissabte, 31 octubre, 2009<\/strong><br \/>\n09.00-10.30h Joan Sol\u00e0 (Universitat de Barcelona; Institut d\u2019Estudis Catalans). \u00abLa sintaxi de l\u2019Institut d\u2019Estudis Catalans\u00bb<br \/>\n11.00-12.30h Joan Juli\u00e0-Mun\u00e9 (Universitat de Lleida). \u00abCom cal pronunciar en catal\u00e0 els noms propis forans?\u00bb<br \/>\n13.00-15.30h Josep \u00c0ngel Mas i Castells (Universitat Polit\u00e8cnica de Val\u00e8ncia). \u00abLa variaci\u00f3 ling\u00fc\u00edstica en l\u2019est\u00e0ndard oral valenci\u00e0\u00bb<\/p>\n<p><strong>Divendres, 6 novembre, 2009<\/strong><br \/>\n16.00-17.30h Joaquim Rafel (Universitat de Barcelona; Institut d\u2019Estudis Catalans). \u00abLa norma l\u00e8xica i el diccionari\u00bb<br \/>\n17.45-19.15h Jaume Cabr\u00e9 (Escriptor; Institut d\u2019Estudis Catalans). \u00abL\u2019escriptor i la norma\u00bb<br \/>\n19.30-21.30h Sandra Montserrat i Carles Segura (Universitat d\u2019Alacant). \u00abModel fon\u00e8tic est\u00e0ndard: reflexions i pr\u00e0ctica educativa\u00bb<\/p>\n<p><strong>Dissabte, 7 novembre, 2009<\/strong><br \/>\n09.00-13.00h Josep Escolano (Universitat d\u2019Alacant). \u00abSeq\u00fc\u00e8ncies educatives per a aprendre la norma ling\u00fc\u00edstica\u00bb<br \/>\n13.15-15.30h Brauli Montoya (Universitat d\u2019Alacant; Institut d\u2019Estudis Catalans). \u00abEl catal\u00e0 global\u00bb<\/p>\n<p><strong>Lloc<\/strong><br \/>\nSeu Universit\u00e0ria de la Nucia (Marina Baixa),<br \/>\nAntic Col\u00b7legi Sant Rafael,<br \/>\nAv. Porvilla, 8, la Nucia<\/p>\n<p><strong>Matriculaci\u00f3<\/strong><br \/>\n\u2014 Import: 60 euros<\/p>\n<p>En virtut de la col\u00b7laboraci\u00f3 de l\u2019ICE de la Universitat d\u2019Alacant, aquest curs \u00e9s gratu\u00eft per als professors d\u2019escola o d\u2019institut que acrediten pr\u00e8viament acreditaci\u00f3 alguna d\u2019aquestes condicions.<br \/>\nEn tot cas, perqu\u00e8 la matriculaci\u00f3 siga v\u00e0lida cal acreditar la condici\u00f3 de professor al fax 965 90 3839 o al correu electr\u00f2nic <a href=\"mailto:s.seus@ua.es\" target=\"_blank\">s.seus@ua.es<\/a>\n<\/p><\/blockquote>\n<p>M\u00e9s informaci\u00f3: <em><a href=\"http:\/\/www.ua.es\/va\/estudios\/seus\/nucia\/index.html\" target=\"_blank\">http:\/\/www.ua.es\/va\/estudios\/seus\/nucia\/index.html<\/a><\/em>.<\/p>\n","protected":false},"excerpt":{"rendered":"<p>Ferran Isabel ens informa a trav\u00e9s de la llista Infoz\u00e8fir del curs seg\u00fcent: xxii\u00e9 Curs de socioling\u00fc\u00edstica de la Nucia \u00abEnsenyament, Difusi\u00f3 i \u00das de la Norma Ling\u00fc\u00edstica\u00bb (i 2) \u2014 30-31 d&#8217;octubre i 6-7 de novembre de 2009 \u2014 Curs de 2 cr\u00e8dits (CECLEC-UA) \u2014 Certificat de 30 hores de l&#8217;IEC-UA Dedicarem aquesta 22a [&hellip;]<\/p>\n","protected":false},"author":2,"featured_media":0,"comment_status":"open","ping_status":"open","sticky":false,"template":"","format":"standard","meta":{"footnotes":""},"categories":[45,10,1,27],"tags":[135,269],"class_list":["post-1326","post","type-post","status-publish","format-standard","hentry","category-ensenyament","category-formacio","category-general","category-sociolinguistica","tag-cursos","tag-la-nucia"],"_links":{"self":[{"href":"https:\/\/www.cdlpv.org\/dtl\/wp-json\/wp\/v2\/posts\/1326","targetHints":{"allow":["GET"]}}],"collection":[{"href":"https:\/\/www.cdlpv.org\/dtl\/wp-json\/wp\/v2\/posts"}],"about":[{"href":"https:\/\/www.cdlpv.org\/dtl\/wp-json\/wp\/v2\/types\/post"}],"author":[{"embeddable":true,"href":"https:\/\/www.cdlpv.org\/dtl\/wp-json\/wp\/v2\/users\/2"}],"replies":[{"embeddable":true,"href":"https:\/\/www.cdlpv.org\/dtl\/wp-json\/wp\/v2\/comments?post=1326"}],"version-history":[{"count":0,"href":"https:\/\/www.cdlpv.org\/dtl\/wp-json\/wp\/v2\/posts\/1326\/revisions"}],"wp:attachment":[{"href":"https:\/\/www.cdlpv.org\/dtl\/wp-json\/wp\/v2\/media?parent=1326"}],"wp:term":[{"taxonomy":"category","embeddable":true,"href":"https:\/\/www.cdlpv.org\/dtl\/wp-json\/wp\/v2\/categories?post=1326"},{"taxonomy":"post_tag","embeddable":true,"href":"https:\/\/www.cdlpv.org\/dtl\/wp-json\/wp\/v2\/tags?post=1326"}],"curies":[{"name":"wp","href":"https:\/\/api.w.org\/{rel}","templated":true}]}}