{"id":132,"date":"2007-07-17T18:21:45","date_gmt":"2007-07-17T17:21:45","guid":{"rendered":"http:\/\/www.cdlpv.org\/dtl\/?p=132"},"modified":"2007-07-17T18:21:45","modified_gmt":"2007-07-17T17:21:45","slug":"el-requisit-linguistic-del-govern-balear","status":"publish","type":"post","link":"https:\/\/www.cdlpv.org\/dtl\/2007\/07\/17\/el-requisit-linguistic-del-govern-balear\/","title":{"rendered":"El requisit ling\u00fc\u00edstic del Govern Balear"},"content":{"rendered":"<p><a title=\"Francesc Antich escolta una traducci\u00f3\"><img decoding=\"async\" id=\"image133\" src=\"http:\/\/www.cdlpv.org\/dtl\/wp-content\/antich.miniatura.jpg\" alt=\"antich.jpg\" style=\"float:right; margin:0 0 10px 10px;cursor:pointer; cursor:hand;\" \/><\/a><br \/>\nPer dissort, quasi podr\u00edem dir, ens assabentem que el Govern Balear t\u00e9 un requisit ling\u00fc\u00edstic establit. La dissort no \u00e9s el que el tinga, que aix\u00f2 \u00e9s una cosa habitual en els governs de tot el m\u00f3n, sin\u00f3 que Francesc Antich, el president &mdash;de nou&mdash; de les Illes ha decidit incomplir-lo, ja que ha designat una portaveu que, per ara i pel que sembla, nom\u00e9s s&#8217;expressa en espanyol. Una incapacitat de comunicaci\u00f3, doncs, molt greu en una persona que vol treballar com a portaveu.<\/p>\n<p>Segons el <em>Diari de Balears<\/em> (<a href=\"http:\/\/www.diaridebalears.com\/segona.shtml?3222+3+185987\" target=\"_blank\">14.07.2007<\/a>):<\/p>\n<p align=\"right\"><a href=\"http:\/\/www.bibiloni.net\/legislacio\/D_100.htm\" target=\"_blank\">Veg.<\/a> D 100\/1990<\/p>\n<blockquote>\n<h2>El PSM recorda a Antich que el seu Govern s\u2019ha d\u2019expressar en catal\u00e0<\/h2>\n<h3>La portaveu N\u00e1jera nom\u00e9s fa sevir el castell\u00e0 en les compareixences<\/h3>\n<h5>LL.P.\/J.T. Palma.<\/h5>\n<p>El PSM ha fet arribar al president del Govern, el socialista Francesc Antich, la necessitat que la nova portaveu oficial de l\u2019Executiu, Margarita N\u00e1jera, faci servir el catal\u00e0 en les seves compareixences p\u00fabliques.<\/p>\n<p>En la primera roda de premsa oferida despr\u00e9s del Consell de Govern de dijous passat, N\u00e1jera s\u2019estren\u00e0 fent servir nom\u00e9s el castell\u00e0, fins i tot quan fou interpel\u00b7lada en catal\u00e0 pels mitjans de comunicaci\u00f3.<\/p>\n<p>El PSM tamb\u00e9 anunci\u00e0 a Antich que dur\u00e0 aquesta q\u00fcesti\u00f3 al proper Consell de Govern perqu\u00e8 es tracti la conveni\u00e8ncia que la portaveu de l\u2019Executiu faci servir la llengua pr\u00f2pia durant les seves intervencions en representaci\u00f3 governamental.<\/p>\n<p>Des de la formaci\u00f3 nacionalista es recorda l\u2019anomenat <a href=\"http:\/\/www.bibiloni.net\/legislacio\/D_100.htm\" target=\"_blank\">Decret 100<\/a>, impulsat l\u2019any 1990 per Maria Ant\u00f2nia Munar quan ocupava el c\u00e0rrec de consellera de Cultura, que obliga els c\u00e0rrecs p\u00fablics governamentals a fer servir el catal\u00e0 en el curs de la seva activitat institucional.<\/p>\n<p><strong>Exemple per als ciutadans<\/strong><\/p>\n<p>L\u2019Obra Cultural Balear tamb\u00e9 es refer\u00ed ahir a aquesta q\u00fcesti\u00f3 en un comunicat en qu\u00e8 l\u2019entitat considera que \u00abun c\u00e0rrec com el de portaveu, que parla en nom de tot el Govern, ha de fer servir l\u2019idioma propi de les Illes Balears\u00bb.<\/p>\n<p>Anima N\u00e1jera fer-ho aix\u00ed perqu\u00e8 \u00abla seva actitud ser\u00e0 un exemple per al conjunt de ciutadans i ciutadans\u00bb. Mentre aix\u00f2 no sigui aix\u00ed, l\u2019Obra considera \u00abinacceptable\u00bb que la portaveu no parli en catal\u00e0, recordant tamb\u00e9 l\u2019incompliment de l\u2019esmentat Decret 100. \u00abEl proc\u00e9s de normalitzaci\u00f3 ling\u00fc\u00edstica no s\u2019ha de limitar nom\u00e9s a les pol\u00edtiques adre\u00e7ades als ciutadans\u00bb, afirmen, \u00abtamb\u00e9 \u00e9s important l\u2019exemple dels representants institucionals\u00bb.<\/p><\/blockquote>\n","protected":false},"excerpt":{"rendered":"<p>Per dissort, quasi podr\u00edem dir, ens assabentem que el Govern Balear t\u00e9 un requisit ling\u00fc\u00edstic establit. La dissort no \u00e9s el que el tinga, que aix\u00f2 \u00e9s una cosa habitual en els governs de tot el m\u00f3n, sin\u00f3 que Francesc Antich, el president &mdash;de nou&mdash; de les Illes ha decidit incomplir-lo, ja que ha designat [&hellip;]<\/p>\n","protected":false},"author":2,"featured_media":0,"comment_status":"open","ping_status":"open","sticky":false,"template":"","format":"standard","meta":{"footnotes":""},"categories":[4,1,19,24],"tags":[],"class_list":["post-132","post","type-post","status-publish","format-standard","hentry","category-dret","category-general","category-politica","category-requisit-linguistic"],"_links":{"self":[{"href":"https:\/\/www.cdlpv.org\/dtl\/wp-json\/wp\/v2\/posts\/132","targetHints":{"allow":["GET"]}}],"collection":[{"href":"https:\/\/www.cdlpv.org\/dtl\/wp-json\/wp\/v2\/posts"}],"about":[{"href":"https:\/\/www.cdlpv.org\/dtl\/wp-json\/wp\/v2\/types\/post"}],"author":[{"embeddable":true,"href":"https:\/\/www.cdlpv.org\/dtl\/wp-json\/wp\/v2\/users\/2"}],"replies":[{"embeddable":true,"href":"https:\/\/www.cdlpv.org\/dtl\/wp-json\/wp\/v2\/comments?post=132"}],"version-history":[{"count":0,"href":"https:\/\/www.cdlpv.org\/dtl\/wp-json\/wp\/v2\/posts\/132\/revisions"}],"wp:attachment":[{"href":"https:\/\/www.cdlpv.org\/dtl\/wp-json\/wp\/v2\/media?parent=132"}],"wp:term":[{"taxonomy":"category","embeddable":true,"href":"https:\/\/www.cdlpv.org\/dtl\/wp-json\/wp\/v2\/categories?post=132"},{"taxonomy":"post_tag","embeddable":true,"href":"https:\/\/www.cdlpv.org\/dtl\/wp-json\/wp\/v2\/tags?post=132"}],"curies":[{"name":"wp","href":"https:\/\/api.w.org\/{rel}","templated":true}]}}