{"id":1315,"date":"2009-10-22T16:53:23","date_gmt":"2009-10-22T15:53:23","guid":{"rendered":"http:\/\/www.cdlpv.org\/dtl\/?p=1315"},"modified":"2009-10-22T16:53:23","modified_gmt":"2009-10-22T15:53:23","slug":"video-de-la-campanya-signa-per-la-llengua","status":"publish","type":"post","link":"https:\/\/www.cdlpv.org\/dtl\/2009\/10\/22\/video-de-la-campanya-signa-per-la-llengua\/","title":{"rendered":"V\u00eddeo de la campanya \u00abSigna per la llengua\u00bb"},"content":{"rendered":"<p><object width=\"425\" height=\"344\"><param name=\"movie\" value=\"http:\/\/www.youtube.com\/v\/gHWz13MXvtU&#038;hl=en&#038;fs=1&#038;\"><\/param><param name=\"allowFullScreen\" value=\"true\"><\/param><param name=\"allowscriptaccess\" value=\"always\"><\/param><embed src=\"http:\/\/www.youtube.com\/v\/gHWz13MXvtU&#038;hl=en&#038;fs=1&#038;\" type=\"application\/x-shockwave-flash\" allowscriptaccess=\"always\" allowfullscreen=\"true\" width=\"425\" height=\"344\"><\/embed><\/object><\/p>\n<p>Per a donar suport a la campanya i a l&#8217;\u00fas del valenci\u00e0 en Alboraia, vos convidem a presentar queixes davant el s\u00edndic de greuges <a href=\"http:\/\/www.sindicdegreuges.gva.es\/lasquejas-f_v.htm\" target=\"_blank\">[ac\u00ed]<\/a> relatives a mancances que hajau detectat en eixe ajuntament, per exemple, a causa d&#8217;este panell municipal que nom\u00e9s informa en castell\u00e0:<\/p>\n<caption id=\"attachment_1317\" align=\"aligncenter\" width=\"585\" caption=\"Panell informatiu nom\u00e9s en castell\u00e0 en Alboraia\"><a href=\"http:\/\/www.cdlpv.org\/dtl\/wp-content\/uploads\/2009\/10\/panellalboraia1.jpg\"><img loading=\"lazy\" decoding=\"async\" src=\"http:\/\/www.cdlpv.org\/dtl\/wp-content\/uploads\/2009\/10\/panellalboraia1.jpg\" alt=\"Panell informatiu nom\u00e9s en castell\u00e0 en Alboraia\" title=\"panellalboraia\" width=\"585\" height=\"985\" class=\"size-full wp-image-1317\" srcset=\"https:\/\/www.cdlpv.org\/dtl\/wp-content\/uploads\/2009\/10\/panellalboraia1.jpg 585w, https:\/\/www.cdlpv.org\/dtl\/wp-content\/uploads\/2009\/10\/panellalboraia1-178x300.jpg 178w, https:\/\/www.cdlpv.org\/dtl\/wp-content\/uploads\/2009\/10\/panellalboraia1-89x150.jpg 89w, https:\/\/www.cdlpv.org\/dtl\/wp-content\/uploads\/2009\/10\/panellalboraia1-400x674.jpg 400w\" sizes=\"auto, (max-width: 585px) 100vw, 585px\" \/><\/a><\/caption>\n<p>El text pot ser el seg\u00fcent:<\/p>\n<blockquote><p>\nBenvolgut s\u00edndic de greuges:<\/p>\n<p>L&#8217;Ajuntament d&#8217;Alboraia ha instal\u00b7lat pels carrers d&#8217;Alboraia mobiliari d&#8217;informaci\u00f3 municipal sobre \u00abCentral de polic\u00eda y de emergencias\u00bb que contenen informaci\u00f3 nom\u00e9s en versi\u00f3 castellana (tal com indica el t\u00edtol que hem reprodu\u00eft). Amb eixa actuaci\u00f3 els dirigents municipals ha menystingut els drets ling\u00fc\u00edstics dels ciutadans i han infringit la legislaci\u00f3 vigent (Llei 4\/1983 i Constituci\u00f3 espanyola de 1978, entre altres normes), en no haver disposat els mitjans per a informar i relacionar-se amb els ciutadans en les dos lleng\u00fces oficials.<\/p>\n<p>Espere que prengau les mesures adients per a fer que l&#8217;Ajuntament d&#8217;Alboraia esmene la discriminaci\u00f3 a qu\u00e8 est\u00e0 sotmetent els ciutadans d&#8217;Alboraia i que adopte les mesures disciplin\u00e0ries corresponents per a corregir i renyar els c\u00e0rrecs i funcionaris p\u00fablics que discriminen ling\u00fc\u00edsticament els ciutadans d&#8217;Alboraia.\n<\/p><\/blockquote>\n","protected":false},"excerpt":{"rendered":"<p>Per a donar suport a la campanya i a l&#8217;\u00fas del valenci\u00e0 en Alboraia, vos convidem a presentar queixes davant el s\u00edndic de greuges [ac\u00ed] relatives a mancances que hajau detectat en eixe ajuntament, per exemple, a causa d&#8217;este panell municipal que nom\u00e9s informa en castell\u00e0: El text pot ser el seg\u00fcent: Benvolgut s\u00edndic de [&hellip;]<\/p>\n","protected":false},"author":2,"featured_media":0,"comment_status":"open","ping_status":"open","sticky":false,"template":"","format":"standard","meta":{"footnotes":""},"categories":[2,4,1,15,24,26,31],"tags":[55,183],"class_list":["post-1315","post","type-post","status-publish","format-standard","hentry","category-comunicacio","category-dret","category-general","category-laboral","category-requisit-linguistic","category-serveis-linguistics","category-tmpl","tag-alboraia","tag-escola-valenciana"],"_links":{"self":[{"href":"https:\/\/www.cdlpv.org\/dtl\/wp-json\/wp\/v2\/posts\/1315","targetHints":{"allow":["GET"]}}],"collection":[{"href":"https:\/\/www.cdlpv.org\/dtl\/wp-json\/wp\/v2\/posts"}],"about":[{"href":"https:\/\/www.cdlpv.org\/dtl\/wp-json\/wp\/v2\/types\/post"}],"author":[{"embeddable":true,"href":"https:\/\/www.cdlpv.org\/dtl\/wp-json\/wp\/v2\/users\/2"}],"replies":[{"embeddable":true,"href":"https:\/\/www.cdlpv.org\/dtl\/wp-json\/wp\/v2\/comments?post=1315"}],"version-history":[{"count":0,"href":"https:\/\/www.cdlpv.org\/dtl\/wp-json\/wp\/v2\/posts\/1315\/revisions"}],"wp:attachment":[{"href":"https:\/\/www.cdlpv.org\/dtl\/wp-json\/wp\/v2\/media?parent=1315"}],"wp:term":[{"taxonomy":"category","embeddable":true,"href":"https:\/\/www.cdlpv.org\/dtl\/wp-json\/wp\/v2\/categories?post=1315"},{"taxonomy":"post_tag","embeddable":true,"href":"https:\/\/www.cdlpv.org\/dtl\/wp-json\/wp\/v2\/tags?post=1315"}],"curies":[{"name":"wp","href":"https:\/\/api.w.org\/{rel}","templated":true}]}}