{"id":1311,"date":"2009-10-15T16:36:21","date_gmt":"2009-10-15T15:36:21","guid":{"rendered":"http:\/\/www.cdlpv.org\/dtl\/?p=1311"},"modified":"2009-10-15T16:36:21","modified_gmt":"2009-10-15T15:36:21","slug":"oferta-laboral-a-menorca","status":"publish","type":"post","link":"https:\/\/www.cdlpv.org\/dtl\/2009\/10\/15\/oferta-laboral-a-menorca\/","title":{"rendered":"Oferta laboral a Menorca"},"content":{"rendered":"<p>Magdalena Ramon ens envia a trav\u00e9s d&#8217;Infoz\u00e8fir la informaci\u00f3 seg\u00fcent:<\/p>\n<blockquote><p>\nDes de la <span class=\"versaleta\">uib<\/span> cercam professors per fer classes de catal\u00e0 a Menorca. Es tracta de fer cursos de redacci\u00f3 i de dicci\u00f3 per a personal d\u2019<span class=\"versaleta\">ib3<\/span>.<\/p>\n<p>Heu de tenir en compte que els cursos es faran en horari d\u2019horabaixa i que per poder accedir a la feina heu de viure a Menorca.<\/p>\n<p>Si creis que us pot interessar, podeu escriure a <a href=\"mailto:amassuti@gmail.com\" target=\"_blank\">amassuti@gmail.com<\/a> i deixar les vostres dades i el tel\u00e8fon de contacte.\n<\/p><\/blockquote>\n","protected":false},"excerpt":{"rendered":"<p>Magdalena Ramon ens envia a trav\u00e9s d&#8217;Infoz\u00e8fir la informaci\u00f3 seg\u00fcent: Des de la uib cercam professors per fer classes de catal\u00e0 a Menorca. Es tracta de fer cursos de redacci\u00f3 i de dicci\u00f3 per a personal d\u2019ib3. Heu de tenir en compte que els cursos es faran en horari d\u2019horabaixa i que per poder accedir [&hellip;]<\/p>\n","protected":false},"author":2,"featured_media":0,"comment_status":"open","ping_status":"open","sticky":false,"template":"","format":"standard","meta":{"footnotes":""},"categories":[43,45,10,1,15],"tags":[307,500],"class_list":["post-1311","post","type-post","status-publish","format-standard","hentry","category-concursos","category-ensenyament","category-formacio","category-general","category-laboral","tag-menorca","tag-universitats"],"_links":{"self":[{"href":"https:\/\/www.cdlpv.org\/dtl\/wp-json\/wp\/v2\/posts\/1311","targetHints":{"allow":["GET"]}}],"collection":[{"href":"https:\/\/www.cdlpv.org\/dtl\/wp-json\/wp\/v2\/posts"}],"about":[{"href":"https:\/\/www.cdlpv.org\/dtl\/wp-json\/wp\/v2\/types\/post"}],"author":[{"embeddable":true,"href":"https:\/\/www.cdlpv.org\/dtl\/wp-json\/wp\/v2\/users\/2"}],"replies":[{"embeddable":true,"href":"https:\/\/www.cdlpv.org\/dtl\/wp-json\/wp\/v2\/comments?post=1311"}],"version-history":[{"count":0,"href":"https:\/\/www.cdlpv.org\/dtl\/wp-json\/wp\/v2\/posts\/1311\/revisions"}],"wp:attachment":[{"href":"https:\/\/www.cdlpv.org\/dtl\/wp-json\/wp\/v2\/media?parent=1311"}],"wp:term":[{"taxonomy":"category","embeddable":true,"href":"https:\/\/www.cdlpv.org\/dtl\/wp-json\/wp\/v2\/categories?post=1311"},{"taxonomy":"post_tag","embeddable":true,"href":"https:\/\/www.cdlpv.org\/dtl\/wp-json\/wp\/v2\/tags?post=1311"}],"curies":[{"name":"wp","href":"https:\/\/api.w.org\/{rel}","templated":true}]}}