{"id":131,"date":"2007-07-16T21:14:45","date_gmt":"2007-07-16T20:14:45","guid":{"rendered":"http:\/\/www.cdlpv.org\/dtl\/?p=131"},"modified":"2007-07-16T21:14:45","modified_gmt":"2007-07-16T20:14:45","slug":"letiquetatge-en-catala-es-una-garantia","status":"publish","type":"post","link":"https:\/\/www.cdlpv.org\/dtl\/2007\/07\/16\/letiquetatge-en-catala-es-una-garantia\/","title":{"rendered":"L&#8217;etiquetatge en catal\u00e0 \u00e9s una garantia!"},"content":{"rendered":"<p>Encara no ens hem recuperat de l&#8217;ensurt dels dent\u00edfrics enverinats &mdash;que venien de la Xina o de D\u00e9u sap on&mdash;, episodi de la nostra vida capitalista arran del qual ens hem assabentat (segons comentava el diari <em>El Pa\u00eds<\/em>) que una manera de distingir els productes alterats era que no solien tindre etiquetatge en espanyol, contr\u00e0riament al que prescriu la llei espanyola en el cas dels productes cosm\u00e8tics. Resulta, per tant, que despr\u00e9s de tant de suposat \u00abliberalisme\u00bb contra els requisits ling\u00fc\u00edstics, i de tots els extrems que fan els suposats \u00abliberals\u00bb en parlar de la immersi\u00f3 ling\u00fc\u00edstica (en catal\u00e0) o de les hores d&#8217;ensenyament (del catal\u00e0), hi ha lleis que obliguen a etiquetar en espanyol&#8230; Sens dubte, podem esperar unes reaccions \u00abliberals\u00bb adients. Assentats.<\/p>\n<p>Naturalment, el consell que donava el periodista d&#8217;<em>El Pa\u00eds<\/em> es manifesta encara m\u00e9s \u00fatil en el cas de l&#8217;etiquetatge en catal\u00e0: potser a la Xina hi ha aprenents d&#8217;espanyol &mdash;C\u00e9sar Antonio Molina en podria donar dades&mdash; i, per tant, encara podrien arribar a etiquetar-hi els productes. En canvi, i fent servir l&#8217;autoodi esta vegada en sentit positiu, els xinesos \u00e9s quasi segur que no etiquetaran en catal\u00e0, la qual cosa ho convertix en una segona mesura de seguretat: si est\u00e0 etiquetat en espanyol, pot ser bo; si est\u00e0 etiquetat en catal\u00e0, \u00e9s bon\u00edssim!<\/p>\n<p>\u00c9s eixe sentit de protecci\u00f3 dels drets i la salut dels catalanoparlants el que ha originat la iniciativa de qu\u00e8 informava <em>e-not\u00edcies<\/em> (<a href=\"http:\/\/www.e-noticies.com\/actualitat\/el-govern-no-fa-res-sobre-letiquetatge-en-catal%E0-26316.html\" target=\"_blank\">13.07.2007<\/a>):<\/p>\n<blockquote>\n<h5>SEGONS ENTITATS CATALANISTES<\/h5>\n<h2>El Govern no fa res sobre l&#8217;etiquetatge en catal\u00e0<\/h5>\n<p>Les entitats en defensa de la llengua i cultura catalanes Adec, Consum Catal\u00e0, \u00d2mnium Cultural i Plataforma per la Llengua han decidit presentar una sol\u00b7licitud administrativa per inactivitat de l\u2019administraci\u00f3 p\u00fablica contra el Govern de la Generalitat de Catalunya; possibilitat que s\u2019ofereix a l\u2019administrat a la Llei de R\u00e8gim de Procediment Administratiu Com\u00fa.<\/p>\n<p>El motiu de la presentaci\u00f3 d\u2019aquest escrit \u00e9s la preocupaci\u00f3 d\u2019aquestes entitats pel fet que el Govern no compleix la Llei, concretament en all\u00f2 que afecta l\u2019etiquetatge i les instruccions dels productes que es distribueixen en l\u2019\u00e0mbit territorial sota administraci\u00f3 de la Generalitat de Catalunya. Les entitats sotasignants denuncien l\u2019incompliment per part de la Generalitat de Catalunya del mandat que s\u2019estableix a la Llei 3\/1993 de 5 de mar\u00e7 de l\u2019Estatut del Consumidor.<\/p>\n<p>D\u2019acord amb aquesta normativa, en el termini d\u2019un any, la Generalitat es compromet a donar compliment al requeriment que estableix l\u2019article 26, en relaci\u00f3 a les disposicions transit\u00f2ria primera i segona de la mateixa norma, segons el qual el consumidor t\u00e9 dret a rebre les informacions essencials dels productes en catal\u00e0: \u00abEls consumidors tenen dret a rebre en catal\u00e0 les informacions pertinents per al consum i l&#8217;\u00fas dels b\u00e9ns, els productes i els serveis, i especialment les dades obligat\u00f2ries relacionades directament amb la salvaguarda de llur salut i seguretat\u00bb.<\/p>\n<p>En l\u2019escrit, les quatre associacions fonamenten jur\u00eddicament la den\u00fancia en l\u2019exist\u00e8ncia d\u2019una situaci\u00f3 de vulneraci\u00f3 de la legalitat pel fet que l\u2019administraci\u00f3 ha om\u00e8s les tasques que li v\u00e9nen conferides per una norma de rang legal, com ara \u00e9s l\u2019Estatut del Consumidor, i pels principis rectors de l\u2019activitat administrativa, segons els quals cal que la Generalitat adopti un paper actiu en defensa de la llengua i cultura catalanes en l\u2019\u00e0mbit socioecon\u00f2mic, amb l\u2019objectiu de corregir la situaci\u00f3 de desigualtat en qu\u00e8 es troba la llengua catalana.<\/p><\/blockquote>\n","protected":false},"excerpt":{"rendered":"<p>Encara no ens hem recuperat de l&#8217;ensurt dels dent\u00edfrics enverinats &mdash;que venien de la Xina o de D\u00e9u sap on&mdash;, episodi de la nostra vida capitalista arran del qual ens hem assabentat (segons comentava el diari El Pa\u00eds) que una manera de distingir els productes alterats era que no solien tindre etiquetatge en espanyol, contr\u00e0riament [&hellip;]<\/p>\n","protected":false},"author":2,"featured_media":0,"comment_status":"open","ping_status":"open","sticky":false,"template":"","format":"standard","meta":{"footnotes":""},"categories":[4,1,19,24],"tags":[],"class_list":["post-131","post","type-post","status-publish","format-standard","hentry","category-dret","category-general","category-politica","category-requisit-linguistic"],"_links":{"self":[{"href":"https:\/\/www.cdlpv.org\/dtl\/wp-json\/wp\/v2\/posts\/131","targetHints":{"allow":["GET"]}}],"collection":[{"href":"https:\/\/www.cdlpv.org\/dtl\/wp-json\/wp\/v2\/posts"}],"about":[{"href":"https:\/\/www.cdlpv.org\/dtl\/wp-json\/wp\/v2\/types\/post"}],"author":[{"embeddable":true,"href":"https:\/\/www.cdlpv.org\/dtl\/wp-json\/wp\/v2\/users\/2"}],"replies":[{"embeddable":true,"href":"https:\/\/www.cdlpv.org\/dtl\/wp-json\/wp\/v2\/comments?post=131"}],"version-history":[{"count":0,"href":"https:\/\/www.cdlpv.org\/dtl\/wp-json\/wp\/v2\/posts\/131\/revisions"}],"wp:attachment":[{"href":"https:\/\/www.cdlpv.org\/dtl\/wp-json\/wp\/v2\/media?parent=131"}],"wp:term":[{"taxonomy":"category","embeddable":true,"href":"https:\/\/www.cdlpv.org\/dtl\/wp-json\/wp\/v2\/categories?post=131"},{"taxonomy":"post_tag","embeddable":true,"href":"https:\/\/www.cdlpv.org\/dtl\/wp-json\/wp\/v2\/tags?post=131"}],"curies":[{"name":"wp","href":"https:\/\/api.w.org\/{rel}","templated":true}]}}